{"id":14882,"date":"2026-04-13T15:19:30","date_gmt":"2026-04-13T13:19:30","guid":{"rendered":"https:\/\/familienhoerbuch.de\/?p=14882"},"modified":"2026-04-28T09:46:34","modified_gmt":"2026-04-28T07:46:34","slug":"in-der-faz","status":"publish","type":"post","link":"https:\/\/familienhoerbuch.de\/en\/in-der-faz\/","title":{"rendered":"In der FAZ"},"content":{"rendered":"<p>Projektteilnehmer Sebastian spricht f\u00fcr seine 8-j\u00e4hrige Tochter ein Familienh\u00f6rbuch ein. Da es ihm ein wichtiges Anliegen ist, dass das Projekt bekannter wird und auch zuk\u00fcnftig betroffene Familie ein solches Zukunftsgeschenk erhalten k\u00f6nnen, setzt er sich aktiv f\u00fcr die \u00d6ffentlichkeitsarbeit ein. Marie Lisa Kehler, die stellvertretende Ressortleiterin der Rhein-Main-Redaktion der \u201eFrankfurter Allgemeine Zeitung\u201c, darf deshalb bei seinen Familienh\u00f6rbuch-Aufnahmen mit dabei sein und berichten.<\/p>\n\n\n\n<p><a href=\"https:\/\/www.faz.net\/aktuell\/rhein-main\/region-und-hessen\/fuer-die-kleine-tochter-sterbenskranker-vater-nimmt-acht-stunden-hoerbuch-auf-accg-200630094.html\">Mehr erfahren<\/a><\/p>","protected":false},"excerpt":{"rendered":"<p>Projektteilnehmer Sebastian spricht f\u00fcr seine 8-j\u00e4hrige Tochter ein Familienh\u00f6rbuch ein. Da es ihm ein wichtiges Anliegen ist, dass das Projekt bekannter wird und auch zuk\u00fcnftig betroffene Familie ein solches Zukunftsgeschenk erhalten k\u00f6nnen, setzt er sich aktiv f\u00fcr die \u00d6ffentlichkeitsarbeit ein. Marie Lisa Kehler, die stellvertretende Ressortleiterin der Rhein-Main-Redaktion der \u201eFrankfurter Allgemeine Zeitung\u201c, darf deshalb bei [&hellip;]<\/p>","protected":false},"author":3,"featured_media":14885,"comment_status":"closed","ping_status":"closed","sticky":false,"template":"","format":"standard","meta":{"_acf_changed":false,"footnotes":""},"categories":[13,113],"tags":[69,410,29,605,606,607],"class_list":["post-14882","post","type-post","status-publish","format-standard","has-post-thumbnail","hentry","category-archiv","category-print-digital","tag-artikel","tag-berichterstattung","tag-faz","tag-frankfurter-allgemeine-zeitung","tag-lisa-kehler","tag-rhein-main"],"acf":[],"_links":{"self":[{"href":"https:\/\/familienhoerbuch.de\/en\/wp-json\/wp\/v2\/posts\/14882","targetHints":{"allow":["GET"]}}],"collection":[{"href":"https:\/\/familienhoerbuch.de\/en\/wp-json\/wp\/v2\/posts"}],"about":[{"href":"https:\/\/familienhoerbuch.de\/en\/wp-json\/wp\/v2\/types\/post"}],"author":[{"embeddable":true,"href":"https:\/\/familienhoerbuch.de\/en\/wp-json\/wp\/v2\/users\/3"}],"replies":[{"embeddable":true,"href":"https:\/\/familienhoerbuch.de\/en\/wp-json\/wp\/v2\/comments?post=14882"}],"version-history":[{"count":1,"href":"https:\/\/familienhoerbuch.de\/en\/wp-json\/wp\/v2\/posts\/14882\/revisions"}],"predecessor-version":[{"id":15024,"href":"https:\/\/familienhoerbuch.de\/en\/wp-json\/wp\/v2\/posts\/14882\/revisions\/15024"}],"wp:featuredmedia":[{"embeddable":true,"href":"https:\/\/familienhoerbuch.de\/en\/wp-json\/wp\/v2\/media\/14885"}],"wp:attachment":[{"href":"https:\/\/familienhoerbuch.de\/en\/wp-json\/wp\/v2\/media?parent=14882"}],"wp:term":[{"taxonomy":"category","embeddable":true,"href":"https:\/\/familienhoerbuch.de\/en\/wp-json\/wp\/v2\/categories?post=14882"},{"taxonomy":"post_tag","embeddable":true,"href":"https:\/\/familienhoerbuch.de\/en\/wp-json\/wp\/v2\/tags?post=14882"}],"curies":[{"name":"wp","href":"https:\/\/api.w.org\/{rel}","templated":true}]}}