{"id":14858,"date":"2026-04-08T09:01:09","date_gmt":"2026-04-08T07:01:09","guid":{"rendered":"https:\/\/familienhoerbuch.de\/?p=14858"},"modified":"2026-04-28T09:46:54","modified_gmt":"2026-04-28T07:46:54","slug":"kunst-und-charity","status":"publish","type":"post","link":"https:\/\/familienhoerbuch.de\/en\/kunst-und-charity\/","title":{"rendered":"Kunst und Charity"},"content":{"rendered":"<p>Anfang April durfte sich die Familienh\u00f6rbuch gGmbH \u00fcber einen neuen Spendeneingang initiiert durch \u201eCharity Cuts\u201c freuen. Die K\u00fcnstlerin und \u00c4rztin Agnieszka Widera nutzt diese Plattform seit 2021, um limitierte Linoldrucke f\u00fcr den guten Zweck zu versteigern. Sie ist der Ansicht: Jeder Mensch kann etwas zu einer besseren Welt beitragen. Das Spendenziel wird bei jeder Auktion neu bestimmt. Das Geld geht zu 100 Prozent an einen karitativen Zweck.<\/p>\n\n\n\n<p><a href=\"https:\/\/charitycuts.de\/\">Mehr \u00fcber Charity Cuts<\/a><\/p>","protected":false},"excerpt":{"rendered":"<p>Anfang April durfte sich die Familienh\u00f6rbuch gGmbH \u00fcber einen neuen Spendeneingang initiiert durch \u201eCharity Cuts\u201c freuen. Die K\u00fcnstlerin und \u00c4rztin Agnieszka Widera nutzt diese Plattform seit 2021, um limitierte Linoldrucke f\u00fcr den guten Zweck zu versteigern. Sie ist der Ansicht: Jeder Mensch kann etwas zu einer besseren Welt beitragen. Das Spendenziel wird bei jeder Auktion [&hellip;]<\/p>","protected":false},"author":3,"featured_media":14859,"comment_status":"closed","ping_status":"closed","sticky":false,"template":"","format":"standard","meta":{"_acf_changed":false,"footnotes":""},"categories":[13,115],"tags":[604,603,601,602,67],"class_list":["post-14858","post","type-post","status-publish","format-standard","has-post-thumbnail","hentry","category-archiv","category-spenden","tag-agnieszka-widera","tag-charity-cuts","tag-kunst","tag-linoldruck","tag-spende"],"acf":[],"_links":{"self":[{"href":"https:\/\/familienhoerbuch.de\/en\/wp-json\/wp\/v2\/posts\/14858","targetHints":{"allow":["GET"]}}],"collection":[{"href":"https:\/\/familienhoerbuch.de\/en\/wp-json\/wp\/v2\/posts"}],"about":[{"href":"https:\/\/familienhoerbuch.de\/en\/wp-json\/wp\/v2\/types\/post"}],"author":[{"embeddable":true,"href":"https:\/\/familienhoerbuch.de\/en\/wp-json\/wp\/v2\/users\/3"}],"replies":[{"embeddable":true,"href":"https:\/\/familienhoerbuch.de\/en\/wp-json\/wp\/v2\/comments?post=14858"}],"version-history":[{"count":1,"href":"https:\/\/familienhoerbuch.de\/en\/wp-json\/wp\/v2\/posts\/14858\/revisions"}],"predecessor-version":[{"id":15025,"href":"https:\/\/familienhoerbuch.de\/en\/wp-json\/wp\/v2\/posts\/14858\/revisions\/15025"}],"wp:featuredmedia":[{"embeddable":true,"href":"https:\/\/familienhoerbuch.de\/en\/wp-json\/wp\/v2\/media\/14859"}],"wp:attachment":[{"href":"https:\/\/familienhoerbuch.de\/en\/wp-json\/wp\/v2\/media?parent=14858"}],"wp:term":[{"taxonomy":"category","embeddable":true,"href":"https:\/\/familienhoerbuch.de\/en\/wp-json\/wp\/v2\/categories?post=14858"},{"taxonomy":"post_tag","embeddable":true,"href":"https:\/\/familienhoerbuch.de\/en\/wp-json\/wp\/v2\/tags?post=14858"}],"curies":[{"name":"wp","href":"https:\/\/api.w.org\/{rel}","templated":true}]}}