{"id":14820,"date":"2026-04-02T08:31:25","date_gmt":"2026-04-02T06:31:25","guid":{"rendered":"https:\/\/familienhoerbuch.de\/?p=14820"},"modified":"2026-04-28T09:47:20","modified_gmt":"2026-04-28T07:47:20","slug":"zu-gast-bei-todesmutig","status":"publish","type":"post","link":"https:\/\/familienhoerbuch.de\/en\/zu-gast-bei-todesmutig\/","title":{"rendered":"Zu Gast bei Todesmutig"},"content":{"rendered":"<p>Podcast-Host Katharina Weil erz\u00e4hlt von der Arbeit im Bereich Palliative Care und l\u00e4dt G\u00e4ste zum Austausch \u00fcber Tod, Sterben und Trauer ein. In Folge 73 ist das Familienh\u00f6rbuch mit dabei.<\/p>\n\n\n\n<p><a href=\"https:\/\/open.spotify.com\/episode\/0yCDLGKgtO2UNmeeDz9Z1y?si=1McMi9WQSHeJuneii7OW5A\">Reinh\u00f6ren<\/a><\/p>","protected":false},"excerpt":{"rendered":"<p>Podcast-Host Katharina Weil erz\u00e4hlt von der Arbeit im Bereich Palliative Care und l\u00e4dt G\u00e4ste zum Austausch \u00fcber Tod, Sterben und Trauer ein. In Folge 73 ist das Familienh\u00f6rbuch mit dabei. Reinh\u00f6ren<\/p>","protected":false},"author":3,"featured_media":14821,"comment_status":"closed","ping_status":"closed","sticky":false,"template":"","format":"standard","meta":{"_acf_changed":false,"footnotes":""},"categories":[13,114],"tags":[559,600,34,599],"class_list":["post-14820","post","type-post","status-publish","format-standard","has-post-thumbnail","hentry","category-archiv","category-podcast","tag-carmen-dreyer","tag-katharina-weil","tag-podcast","tag-todesmutig"],"acf":[],"_links":{"self":[{"href":"https:\/\/familienhoerbuch.de\/en\/wp-json\/wp\/v2\/posts\/14820","targetHints":{"allow":["GET"]}}],"collection":[{"href":"https:\/\/familienhoerbuch.de\/en\/wp-json\/wp\/v2\/posts"}],"about":[{"href":"https:\/\/familienhoerbuch.de\/en\/wp-json\/wp\/v2\/types\/post"}],"author":[{"embeddable":true,"href":"https:\/\/familienhoerbuch.de\/en\/wp-json\/wp\/v2\/users\/3"}],"replies":[{"embeddable":true,"href":"https:\/\/familienhoerbuch.de\/en\/wp-json\/wp\/v2\/comments?post=14820"}],"version-history":[{"count":1,"href":"https:\/\/familienhoerbuch.de\/en\/wp-json\/wp\/v2\/posts\/14820\/revisions"}],"predecessor-version":[{"id":15026,"href":"https:\/\/familienhoerbuch.de\/en\/wp-json\/wp\/v2\/posts\/14820\/revisions\/15026"}],"wp:featuredmedia":[{"embeddable":true,"href":"https:\/\/familienhoerbuch.de\/en\/wp-json\/wp\/v2\/media\/14821"}],"wp:attachment":[{"href":"https:\/\/familienhoerbuch.de\/en\/wp-json\/wp\/v2\/media?parent=14820"}],"wp:term":[{"taxonomy":"category","embeddable":true,"href":"https:\/\/familienhoerbuch.de\/en\/wp-json\/wp\/v2\/categories?post=14820"},{"taxonomy":"post_tag","embeddable":true,"href":"https:\/\/familienhoerbuch.de\/en\/wp-json\/wp\/v2\/tags?post=14820"}],"curies":[{"name":"wp","href":"https:\/\/api.w.org\/{rel}","templated":true}]}}