{"id":14606,"date":"2026-03-23T10:53:35","date_gmt":"2026-03-23T09:53:35","guid":{"rendered":"https:\/\/familienhoerbuch.de\/?p=14606"},"modified":"2026-04-21T11:23:15","modified_gmt":"2026-04-21T09:23:15","slug":"im-magazin-kopfsache","status":"publish","type":"post","link":"https:\/\/familienhoerbuch.de\/en\/im-magazin-kopfsache\/","title":{"rendered":"Im Magazin kopf:sache"},"content":{"rendered":"<p>Das Verlagsunternehmen hw studio weber ver\u00f6ffentlicht seit \u00fcber 35 Jahren Fachmagazine f\u00fcr Menschen mit gesundheitlichen Einschr\u00e4nkungen. In der aktuellen Ausgabe von kopf:sache (2\/2026) wird das Familienh\u00f6rbuch vorgestellt.<\/p>","protected":false},"excerpt":{"rendered":"<p>Das Verlagsunternehmen hw studio weber ver\u00f6ffentlicht seit \u00fcber 35 Jahren Fachmagazine f\u00fcr Menschen mit gesundheitlichen Einschr\u00e4nkungen. In der aktuellen Ausgabe von kopf:sache (2\/2026) wird das Familienh\u00f6rbuch vorgestellt.<\/p>","protected":false},"author":3,"featured_media":14607,"comment_status":"closed","ping_status":"closed","sticky":false,"template":"","format":"standard","meta":{"_acf_changed":false,"footnotes":""},"categories":[13,113],"tags":[69,410,411,594,593,143],"class_list":["post-14606","post","type-post","status-publish","format-standard","has-post-thumbnail","hentry","category-archiv","category-print-digital","tag-artikel","tag-berichterstattung","tag-fachmagazin","tag-kopfsache","tag-leimersheim","tag-verlag"],"acf":[],"_links":{"self":[{"href":"https:\/\/familienhoerbuch.de\/en\/wp-json\/wp\/v2\/posts\/14606","targetHints":{"allow":["GET"]}}],"collection":[{"href":"https:\/\/familienhoerbuch.de\/en\/wp-json\/wp\/v2\/posts"}],"about":[{"href":"https:\/\/familienhoerbuch.de\/en\/wp-json\/wp\/v2\/types\/post"}],"author":[{"embeddable":true,"href":"https:\/\/familienhoerbuch.de\/en\/wp-json\/wp\/v2\/users\/3"}],"replies":[{"embeddable":true,"href":"https:\/\/familienhoerbuch.de\/en\/wp-json\/wp\/v2\/comments?post=14606"}],"version-history":[{"count":1,"href":"https:\/\/familienhoerbuch.de\/en\/wp-json\/wp\/v2\/posts\/14606\/revisions"}],"predecessor-version":[{"id":14941,"href":"https:\/\/familienhoerbuch.de\/en\/wp-json\/wp\/v2\/posts\/14606\/revisions\/14941"}],"wp:featuredmedia":[{"embeddable":true,"href":"https:\/\/familienhoerbuch.de\/en\/wp-json\/wp\/v2\/media\/14607"}],"wp:attachment":[{"href":"https:\/\/familienhoerbuch.de\/en\/wp-json\/wp\/v2\/media?parent=14606"}],"wp:term":[{"taxonomy":"category","embeddable":true,"href":"https:\/\/familienhoerbuch.de\/en\/wp-json\/wp\/v2\/categories?post=14606"},{"taxonomy":"post_tag","embeddable":true,"href":"https:\/\/familienhoerbuch.de\/en\/wp-json\/wp\/v2\/tags?post=14606"}],"curies":[{"name":"wp","href":"https:\/\/api.w.org\/{rel}","templated":true}]}}