{"id":14488,"date":"2026-03-18T08:41:52","date_gmt":"2026-03-18T07:41:52","guid":{"rendered":"https:\/\/familienhoerbuch.de\/?p=14488"},"modified":"2026-04-21T11:23:42","modified_gmt":"2026-04-21T09:23:42","slug":"bei-region-im-blick","status":"publish","type":"post","link":"https:\/\/familienhoerbuch.de\/en\/bei-region-im-blick\/","title":{"rendered":"Bei \u201eRegion im Blick\u201c"},"content":{"rendered":"<p>Anl\u00e4sslich des anstehenden Ted-Talks in Freiburg (28.03.2026) ver\u00f6ffentlichte \u201eRegion im Blick\u201c einen Artikel inklusive Interview mit und \u00fcber Familienh\u00f6rbuch-Gr\u00fcnderin Judith Gr\u00fcmmer.<\/p>\n\n\n\n<p><a href=\"https:\/\/regionimblick.de\/badisch-allerlei\/frauenpower\/menschen-eine-stimme-zu-geben-das-war-schon-immer-die-mission-von-judith-gruemmer\">Jetzt lesen<\/a><\/p>\n\n\n\n<p><\/p>","protected":false},"excerpt":{"rendered":"<p>Anl\u00e4sslich des anstehenden Ted-Talks in Freiburg (28.03.2026) ver\u00f6ffentlichte \u201eRegion im Blick\u201c einen Artikel inklusive Interview mit und \u00fcber Familienh\u00f6rbuch-Gr\u00fcnderin Judith Gr\u00fcmmer. Jetzt lesen<\/p>","protected":false},"author":3,"featured_media":14489,"comment_status":"closed","ping_status":"closed","sticky":false,"template":"","format":"standard","meta":{"_acf_changed":false,"footnotes":""},"categories":[13,113],"tags":[100,591,544],"class_list":["post-14488","post","type-post","status-publish","format-standard","has-post-thumbnail","hentry","category-archiv","category-print-digital","tag-interview","tag-region-im-blick","tag-tedx"],"acf":[],"_links":{"self":[{"href":"https:\/\/familienhoerbuch.de\/en\/wp-json\/wp\/v2\/posts\/14488","targetHints":{"allow":["GET"]}}],"collection":[{"href":"https:\/\/familienhoerbuch.de\/en\/wp-json\/wp\/v2\/posts"}],"about":[{"href":"https:\/\/familienhoerbuch.de\/en\/wp-json\/wp\/v2\/types\/post"}],"author":[{"embeddable":true,"href":"https:\/\/familienhoerbuch.de\/en\/wp-json\/wp\/v2\/users\/3"}],"replies":[{"embeddable":true,"href":"https:\/\/familienhoerbuch.de\/en\/wp-json\/wp\/v2\/comments?post=14488"}],"version-history":[{"count":1,"href":"https:\/\/familienhoerbuch.de\/en\/wp-json\/wp\/v2\/posts\/14488\/revisions"}],"predecessor-version":[{"id":14942,"href":"https:\/\/familienhoerbuch.de\/en\/wp-json\/wp\/v2\/posts\/14488\/revisions\/14942"}],"wp:featuredmedia":[{"embeddable":true,"href":"https:\/\/familienhoerbuch.de\/en\/wp-json\/wp\/v2\/media\/14489"}],"wp:attachment":[{"href":"https:\/\/familienhoerbuch.de\/en\/wp-json\/wp\/v2\/media?parent=14488"}],"wp:term":[{"taxonomy":"category","embeddable":true,"href":"https:\/\/familienhoerbuch.de\/en\/wp-json\/wp\/v2\/categories?post=14488"},{"taxonomy":"post_tag","embeddable":true,"href":"https:\/\/familienhoerbuch.de\/en\/wp-json\/wp\/v2\/tags?post=14488"}],"curies":[{"name":"wp","href":"https:\/\/api.w.org\/{rel}","templated":true}]}}