{"id":14334,"date":"2026-03-03T08:35:56","date_gmt":"2026-03-03T07:35:56","guid":{"rendered":"https:\/\/familienhoerbuch.de\/?p=14334"},"modified":"2026-04-02T08:34:13","modified_gmt":"2026-04-02T06:34:13","slug":"schwarzwald-anker-podcast","status":"publish","type":"post","link":"https:\/\/familienhoerbuch.de\/en\/schwarzwald-anker-podcast\/","title":{"rendered":"Schwarzwald Anker Podcast"},"content":{"rendered":"<p>Der Videopodcast von Adina und Arne von Schwarzwald Anker l\u00e4dt zu unterschiedlichsten Themenfeldern ein. In Folge 45 ist Familienh\u00f6rbuch-Gr\u00fcnderin Judith Gr\u00fcmmer zu Gast. Im Gespr\u00e4ch geht es darum, was Kindern bleibt, wenn ein Elternteil verstirbt.<\/p>\n\n\n\n<p><a href=\"https:\/\/www.youtube.com\/watch?v=-3K8vPBHzzU\">Zur Youtube-Folge<\/a><\/p>\n\n\n\n<p> <\/p>\n\n\n\n<p><\/p>","protected":false},"excerpt":{"rendered":"<p>Der Videopodcast von Adina und Arne von Schwarzwald Anker l\u00e4dt zu unterschiedlichsten Themenfeldern ein. In Folge 45 ist Familienh\u00f6rbuch-Gr\u00fcnderin Judith Gr\u00fcmmer zu Gast. Im Gespr\u00e4ch geht es darum, was Kindern bleibt, wenn ein Elternteil verstirbt. Zur Youtube-Folge<\/p>","protected":false},"author":3,"featured_media":14335,"comment_status":"closed","ping_status":"closed","sticky":false,"template":"","format":"standard","meta":{"_acf_changed":false,"footnotes":""},"categories":[13,114],"tags":[16,34,577],"class_list":["post-14334","post","type-post","status-publish","format-standard","has-post-thumbnail","hentry","category-archiv","category-podcast","tag-judith-gruemmer","tag-podcast","tag-schwarzwald"],"acf":[],"_links":{"self":[{"href":"https:\/\/familienhoerbuch.de\/en\/wp-json\/wp\/v2\/posts\/14334","targetHints":{"allow":["GET"]}}],"collection":[{"href":"https:\/\/familienhoerbuch.de\/en\/wp-json\/wp\/v2\/posts"}],"about":[{"href":"https:\/\/familienhoerbuch.de\/en\/wp-json\/wp\/v2\/types\/post"}],"author":[{"embeddable":true,"href":"https:\/\/familienhoerbuch.de\/en\/wp-json\/wp\/v2\/users\/3"}],"replies":[{"embeddable":true,"href":"https:\/\/familienhoerbuch.de\/en\/wp-json\/wp\/v2\/comments?post=14334"}],"version-history":[{"count":0,"href":"https:\/\/familienhoerbuch.de\/en\/wp-json\/wp\/v2\/posts\/14334\/revisions"}],"wp:featuredmedia":[{"embeddable":true,"href":"https:\/\/familienhoerbuch.de\/en\/wp-json\/wp\/v2\/media\/14335"}],"wp:attachment":[{"href":"https:\/\/familienhoerbuch.de\/en\/wp-json\/wp\/v2\/media?parent=14334"}],"wp:term":[{"taxonomy":"category","embeddable":true,"href":"https:\/\/familienhoerbuch.de\/en\/wp-json\/wp\/v2\/categories?post=14334"},{"taxonomy":"post_tag","embeddable":true,"href":"https:\/\/familienhoerbuch.de\/en\/wp-json\/wp\/v2\/tags?post=14334"}],"curies":[{"name":"wp","href":"https:\/\/api.w.org\/{rel}","templated":true}]}}