{"id":14298,"date":"2026-03-02T09:09:00","date_gmt":"2026-03-02T08:09:00","guid":{"rendered":"https:\/\/familienhoerbuch.de\/?p=14298"},"modified":"2026-04-02T08:34:37","modified_gmt":"2026-04-02T06:34:37","slug":"im-familienmagazin","status":"publish","type":"post","link":"https:\/\/familienhoerbuch.de\/en\/im-familienmagazin\/","title":{"rendered":"Im Familienmagazin"},"content":{"rendered":"<p>Das Don Bosco Magazin ist die Familienzeitschrift der Salesianer Don Boscos und der Don Bosco Schwestern. Es erscheint online und gedruckt.<\/p>\n\n\n\n<p>In der aktuellen Ausgabe wurden drei Menschen befragt zum Thema \u201eNachdenken \u00fcber den Tod: Was soll bleiben, wenn wir gehen?\u201c. Ein Projektteilnehmer berichtet von seinen Erfahrungen mit dem Familienh\u00f6rbuch und l\u00e4dt die Redaktion zu einem Aufnahmetag ein. Seine Audiobiografin, Caroline H\u00fcttl, gibt ebenso Einblicke.<\/p>\n\n\n\n<p><a href=\"https:\/\/www.donbosco-magazin.eu\/Eltern\/Familienleben\/Was-soll-bleiben-wenn-wir-gehen\">Mehr erfahren<\/a><\/p>","protected":false},"excerpt":{"rendered":"<p>Das Don Bosco Magazin ist die Familienzeitschrift der Salesianer Don Boscos und der Don Bosco Schwestern. Es erscheint online und gedruckt. In der aktuellen Ausgabe wurden drei Menschen befragt zum Thema \u201eNachdenken \u00fcber den Tod: Was soll bleiben, wenn wir gehen?\u201c. Ein Projektteilnehmer berichtet von seinen Erfahrungen mit dem Familienh\u00f6rbuch und l\u00e4dt die Redaktion zu [&hellip;]<\/p>","protected":false},"author":3,"featured_media":14299,"comment_status":"closed","ping_status":"closed","sticky":false,"template":"","format":"standard","meta":{"_acf_changed":false,"footnotes":""},"categories":[13,113],"tags":[575,139,36],"class_list":["post-14298","post","type-post","status-publish","format-standard","has-post-thumbnail","hentry","category-archiv","category-print-digital","tag-don-bosco","tag-magazin","tag-vater"],"acf":[],"_links":{"self":[{"href":"https:\/\/familienhoerbuch.de\/en\/wp-json\/wp\/v2\/posts\/14298","targetHints":{"allow":["GET"]}}],"collection":[{"href":"https:\/\/familienhoerbuch.de\/en\/wp-json\/wp\/v2\/posts"}],"about":[{"href":"https:\/\/familienhoerbuch.de\/en\/wp-json\/wp\/v2\/types\/post"}],"author":[{"embeddable":true,"href":"https:\/\/familienhoerbuch.de\/en\/wp-json\/wp\/v2\/users\/3"}],"replies":[{"embeddable":true,"href":"https:\/\/familienhoerbuch.de\/en\/wp-json\/wp\/v2\/comments?post=14298"}],"version-history":[{"count":0,"href":"https:\/\/familienhoerbuch.de\/en\/wp-json\/wp\/v2\/posts\/14298\/revisions"}],"wp:featuredmedia":[{"embeddable":true,"href":"https:\/\/familienhoerbuch.de\/en\/wp-json\/wp\/v2\/media\/14299"}],"wp:attachment":[{"href":"https:\/\/familienhoerbuch.de\/en\/wp-json\/wp\/v2\/media?parent=14298"}],"wp:term":[{"taxonomy":"category","embeddable":true,"href":"https:\/\/familienhoerbuch.de\/en\/wp-json\/wp\/v2\/categories?post=14298"},{"taxonomy":"post_tag","embeddable":true,"href":"https:\/\/familienhoerbuch.de\/en\/wp-json\/wp\/v2\/tags?post=14298"}],"curies":[{"name":"wp","href":"https:\/\/api.w.org\/{rel}","templated":true}]}}