{"id":14265,"date":"2026-02-23T11:54:06","date_gmt":"2026-02-23T10:54:06","guid":{"rendered":"https:\/\/familienhoerbuch.de\/?p=14265"},"modified":"2026-04-02T08:35:42","modified_gmt":"2026-04-02T06:35:42","slug":"in-der-badischen-zeitung","status":"publish","type":"post","link":"https:\/\/familienhoerbuch.de\/en\/in-der-badischen-zeitung\/","title":{"rendered":"In der Badischen Zeitung"},"content":{"rendered":"<p>Gr\u00fcnderin Judith Gr\u00fcmmer gab speziell f\u00fcr die Kinderseite in der Badischen Zeitung ein Interview. Am 14. Februar erschien der entsprechende Artikel gedruckt.<\/p>\n\n\n\n<p><a href=\"https:\/\/www.badische-zeitung.de\/das-leben-feiern\">Zum Online-Beitrag<\/a><\/p>\n\n\n\n<p><\/p>","protected":false},"excerpt":{"rendered":"<p>Gr\u00fcnderin Judith Gr\u00fcmmer gab speziell f\u00fcr die Kinderseite in der Badischen Zeitung ein Interview. Am 14. Februar erschien der entsprechende Artikel gedruckt. Zum Online-Beitrag<\/p>","protected":false},"author":3,"featured_media":14266,"comment_status":"closed","ping_status":"closed","sticky":false,"template":"","format":"standard","meta":{"_acf_changed":false,"footnotes":""},"categories":[13,113],"tags":[570,16],"class_list":["post-14265","post","type-post","status-publish","format-standard","has-post-thumbnail","hentry","category-archiv","category-print-digital","tag-badische-zeitung","tag-judith-gruemmer"],"acf":[],"_links":{"self":[{"href":"https:\/\/familienhoerbuch.de\/en\/wp-json\/wp\/v2\/posts\/14265","targetHints":{"allow":["GET"]}}],"collection":[{"href":"https:\/\/familienhoerbuch.de\/en\/wp-json\/wp\/v2\/posts"}],"about":[{"href":"https:\/\/familienhoerbuch.de\/en\/wp-json\/wp\/v2\/types\/post"}],"author":[{"embeddable":true,"href":"https:\/\/familienhoerbuch.de\/en\/wp-json\/wp\/v2\/users\/3"}],"replies":[{"embeddable":true,"href":"https:\/\/familienhoerbuch.de\/en\/wp-json\/wp\/v2\/comments?post=14265"}],"version-history":[{"count":0,"href":"https:\/\/familienhoerbuch.de\/en\/wp-json\/wp\/v2\/posts\/14265\/revisions"}],"wp:featuredmedia":[{"embeddable":true,"href":"https:\/\/familienhoerbuch.de\/en\/wp-json\/wp\/v2\/media\/14266"}],"wp:attachment":[{"href":"https:\/\/familienhoerbuch.de\/en\/wp-json\/wp\/v2\/media?parent=14265"}],"wp:term":[{"taxonomy":"category","embeddable":true,"href":"https:\/\/familienhoerbuch.de\/en\/wp-json\/wp\/v2\/categories?post=14265"},{"taxonomy":"post_tag","embeddable":true,"href":"https:\/\/familienhoerbuch.de\/en\/wp-json\/wp\/v2\/tags?post=14265"}],"curies":[{"name":"wp","href":"https:\/\/api.w.org\/{rel}","templated":true}]}}