{"id":14249,"date":"2026-02-12T22:35:30","date_gmt":"2026-02-12T21:35:30","guid":{"rendered":"https:\/\/familienhoerbuch.de\/?p=14249"},"modified":"2026-03-04T16:19:11","modified_gmt":"2026-03-04T15:19:11","slug":"engagierte-komm-rueber-frauen","status":"publish","type":"post","link":"https:\/\/familienhoerbuch.de\/en\/engagierte-komm-rueber-frauen\/","title":{"rendered":"Engagierte \u201eKomm-R\u00fcber-Frauen&#8220;"},"content":{"rendered":"<p>Am Anfang des Jahres gehen in der Regel noch Betr\u00e4ge von Weihnachtsaktionen ein. Besonders gefreut haben wir uns unter anderem \u00fcber 707 Euro von einer sehr motivierten Frauengruppe (Komm R\u00fcber). Die Einnahmen stammen vom Verkauf von selbst hergestellten Waren, die auf dem Weihnachtsbasar im Ferdinand Heye Haus (D\u00fcsseldorf\/Gerresheim) sowie im Altenheim und Kinderg\u00e4rten erzielt wurden. \u201eWir sind stolz auf dass, was wir erreicht haben. Unser Dank geht nochmals an Stephan, der uns das Familienh\u00f6rbuch bei einer Charityveranstaltung im Sommer vorgestellt hat.\u00a0Unsere Motivation war sehr gro\u00df\u201c, so Petra Streuer, ein Gruppenmitglied.<\/p>","protected":false},"excerpt":{"rendered":"<p>Am Anfang des Jahres gehen in der Regel noch Betr\u00e4ge von Weihnachtsaktionen ein. Besonders gefreut haben wir uns unter anderem \u00fcber 707 Euro von einer sehr motivierten Frauengruppe (Komm R\u00fcber). Die Einnahmen stammen vom Verkauf von selbst hergestellten Waren, die auf dem Weihnachtsbasar im Ferdinand Heye Haus (D\u00fcsseldorf\/Gerresheim) sowie im Altenheim und Kinderg\u00e4rten erzielt wurden. [&hellip;]<\/p>","protected":false},"author":3,"featured_media":14250,"comment_status":"closed","ping_status":"","sticky":false,"template":"","format":"standard","meta":{"_acf_changed":false,"footnotes":""},"categories":[13,115],"tags":[565,566,567,67,564],"class_list":["post-14249","post","type-post","status-publish","format-standard","has-post-thumbnail","hentry","category-archiv","category-spenden","tag-duesseldorf","tag-kommrueberfrauen","tag-petra-streuer","tag-spende","tag-weihnachtsbasar"],"acf":[],"_links":{"self":[{"href":"https:\/\/familienhoerbuch.de\/en\/wp-json\/wp\/v2\/posts\/14249","targetHints":{"allow":["GET"]}}],"collection":[{"href":"https:\/\/familienhoerbuch.de\/en\/wp-json\/wp\/v2\/posts"}],"about":[{"href":"https:\/\/familienhoerbuch.de\/en\/wp-json\/wp\/v2\/types\/post"}],"author":[{"embeddable":true,"href":"https:\/\/familienhoerbuch.de\/en\/wp-json\/wp\/v2\/users\/3"}],"replies":[{"embeddable":true,"href":"https:\/\/familienhoerbuch.de\/en\/wp-json\/wp\/v2\/comments?post=14249"}],"version-history":[{"count":0,"href":"https:\/\/familienhoerbuch.de\/en\/wp-json\/wp\/v2\/posts\/14249\/revisions"}],"wp:featuredmedia":[{"embeddable":true,"href":"https:\/\/familienhoerbuch.de\/en\/wp-json\/wp\/v2\/media\/14250"}],"wp:attachment":[{"href":"https:\/\/familienhoerbuch.de\/en\/wp-json\/wp\/v2\/media?parent=14249"}],"wp:term":[{"taxonomy":"category","embeddable":true,"href":"https:\/\/familienhoerbuch.de\/en\/wp-json\/wp\/v2\/categories?post=14249"},{"taxonomy":"post_tag","embeddable":true,"href":"https:\/\/familienhoerbuch.de\/en\/wp-json\/wp\/v2\/tags?post=14249"}],"curies":[{"name":"wp","href":"https:\/\/api.w.org\/{rel}","templated":true}]}}