{"id":14227,"date":"2026-02-10T15:11:26","date_gmt":"2026-02-10T14:11:26","guid":{"rendered":"https:\/\/familienhoerbuch.de\/?p=14227"},"modified":"2026-03-04T16:20:04","modified_gmt":"2026-03-04T15:20:04","slug":"familienhoerbuch-als-podcast-gast","status":"publish","type":"post","link":"https:\/\/familienhoerbuch.de\/en\/familienhoerbuch-als-podcast-gast\/","title":{"rendered":"Familienh\u00f6rbuch als Podcast-Gast"},"content":{"rendered":"<p>Das Leben ist endlich, der Tod ist konstant. Die Hosts Olivia und Zenya m\u00f6chten diese Themen nicht weiter unter den Teppich kehren. Sie geben ihnen in ihrem Podcastformat einen Platz, zusammen mit Humor und Hoffnung. Im Rahmen der Folge 14 waren Familienh\u00f6rbuch-Projektteilnehmerin Johanna und Carmen von der \u00d6ffentlichkeitsarbeit zu Gast.<\/p>\n\n\n\n<p><a href=\"https:\/\/open.spotify.com\/episode\/2mcHKe1aYFrCjUidypjMvT\">Anh\u00f6ren<\/a><\/p>","protected":false},"excerpt":{"rendered":"<p>Das Leben ist endlich, der Tod ist konstant. Die Hosts Olivia und Zenya m\u00f6chten diese Themen nicht weiter unter den Teppich kehren. Sie geben ihnen in ihrem Podcastformat einen Platz, zusammen mit Humor und Hoffnung. Im Rahmen der Folge 14 waren Familienh\u00f6rbuch-Projektteilnehmerin Johanna und Carmen von der \u00d6ffentlichkeitsarbeit zu Gast. Anh\u00f6ren<\/p>","protected":false},"author":3,"featured_media":14228,"comment_status":"closed","ping_status":"","sticky":false,"template":"","format":"standard","meta":{"_acf_changed":false,"footnotes":""},"categories":[13,114],"tags":[559,558,560,34,48],"class_list":["post-14227","post","type-post","status-publish","format-standard","has-post-thumbnail","hentry","category-archiv","category-podcast","tag-carmen-dreyer","tag-leben","tag-oeffentlichkeitsarbeit","tag-podcast","tag-projektteilnehmerin"],"acf":[],"_links":{"self":[{"href":"https:\/\/familienhoerbuch.de\/en\/wp-json\/wp\/v2\/posts\/14227","targetHints":{"allow":["GET"]}}],"collection":[{"href":"https:\/\/familienhoerbuch.de\/en\/wp-json\/wp\/v2\/posts"}],"about":[{"href":"https:\/\/familienhoerbuch.de\/en\/wp-json\/wp\/v2\/types\/post"}],"author":[{"embeddable":true,"href":"https:\/\/familienhoerbuch.de\/en\/wp-json\/wp\/v2\/users\/3"}],"replies":[{"embeddable":true,"href":"https:\/\/familienhoerbuch.de\/en\/wp-json\/wp\/v2\/comments?post=14227"}],"version-history":[{"count":0,"href":"https:\/\/familienhoerbuch.de\/en\/wp-json\/wp\/v2\/posts\/14227\/revisions"}],"wp:featuredmedia":[{"embeddable":true,"href":"https:\/\/familienhoerbuch.de\/en\/wp-json\/wp\/v2\/media\/14228"}],"wp:attachment":[{"href":"https:\/\/familienhoerbuch.de\/en\/wp-json\/wp\/v2\/media?parent=14227"}],"wp:term":[{"taxonomy":"category","embeddable":true,"href":"https:\/\/familienhoerbuch.de\/en\/wp-json\/wp\/v2\/categories?post=14227"},{"taxonomy":"post_tag","embeddable":true,"href":"https:\/\/familienhoerbuch.de\/en\/wp-json\/wp\/v2\/tags?post=14227"}],"curies":[{"name":"wp","href":"https:\/\/api.w.org\/{rel}","templated":true}]}}