{"id":14129,"date":"2026-02-05T08:19:36","date_gmt":"2026-02-05T07:19:36","guid":{"rendered":"https:\/\/familienhoerbuch.de\/?p=14129"},"modified":"2026-03-04T16:20:29","modified_gmt":"2026-03-04T15:20:29","slug":"im-leben-mit-magazin","status":"publish","type":"post","link":"https:\/\/familienhoerbuch.de\/en\/im-leben-mit-magazin\/","title":{"rendered":"Im Leben-mit-Magazin"},"content":{"rendered":"<p>Eine Projektteilnehmerinnen hat k\u00fcrzlich ein Interview gegeben und davon erz\u00e4hlt, wie sie mit ihren Kindern \u00fcber ihre Erkrankung spricht. Sie hat hierzu ihren eigenen Weg gefunden, mit Offenheit, Klarheit und viel Liebe. Sie lebt mit der Diagnose Glioblastom Grad 4, einem unheilbaren Hirntumor. Im Rahmen des Artikels beschreibt sie auch, weshalb sie sich f\u00fcr Familienh\u00f6rbuch-Aufnahmen entschieden hat.<\/p>\n\n\n\n<p><a href=\"https:\/\/lebenmit.de\/glioblastom-grad-4-interview-antje-wegner\/\">Mehr erfahren<\/a><\/p>","protected":false},"excerpt":{"rendered":"<p>Eine Projektteilnehmerinnen hat k\u00fcrzlich ein Interview gegeben und davon erz\u00e4hlt, wie sie mit ihren Kindern \u00fcber ihre Erkrankung spricht. Sie hat hierzu ihren eigenen Weg gefunden, mit Offenheit, Klarheit und viel Liebe. Sie lebt mit der Diagnose Glioblastom Grad 4, einem unheilbaren Hirntumor. Im Rahmen des Artikels beschreibt sie auch, weshalb sie sich f\u00fcr Familienh\u00f6rbuch-Aufnahmen [&hellip;]<\/p>","protected":false},"author":3,"featured_media":14130,"comment_status":"closed","ping_status":"","sticky":false,"template":"","format":"standard","meta":{"_acf_changed":false,"footnotes":""},"categories":[13,113],"tags":[69,410,557,125,556,48],"class_list":["post-14129","post","type-post","status-publish","format-standard","has-post-thumbnail","hentry","category-archiv","category-print-digital","tag-artikel","tag-berichterstattung","tag-glioblastom","tag-kinder","tag-leben-mit-magazin","tag-projektteilnehmerin"],"acf":[],"_links":{"self":[{"href":"https:\/\/familienhoerbuch.de\/en\/wp-json\/wp\/v2\/posts\/14129","targetHints":{"allow":["GET"]}}],"collection":[{"href":"https:\/\/familienhoerbuch.de\/en\/wp-json\/wp\/v2\/posts"}],"about":[{"href":"https:\/\/familienhoerbuch.de\/en\/wp-json\/wp\/v2\/types\/post"}],"author":[{"embeddable":true,"href":"https:\/\/familienhoerbuch.de\/en\/wp-json\/wp\/v2\/users\/3"}],"replies":[{"embeddable":true,"href":"https:\/\/familienhoerbuch.de\/en\/wp-json\/wp\/v2\/comments?post=14129"}],"version-history":[{"count":0,"href":"https:\/\/familienhoerbuch.de\/en\/wp-json\/wp\/v2\/posts\/14129\/revisions"}],"wp:featuredmedia":[{"embeddable":true,"href":"https:\/\/familienhoerbuch.de\/en\/wp-json\/wp\/v2\/media\/14130"}],"wp:attachment":[{"href":"https:\/\/familienhoerbuch.de\/en\/wp-json\/wp\/v2\/media?parent=14129"}],"wp:term":[{"taxonomy":"category","embeddable":true,"href":"https:\/\/familienhoerbuch.de\/en\/wp-json\/wp\/v2\/categories?post=14129"},{"taxonomy":"post_tag","embeddable":true,"href":"https:\/\/familienhoerbuch.de\/en\/wp-json\/wp\/v2\/tags?post=14129"}],"curies":[{"name":"wp","href":"https:\/\/api.w.org\/{rel}","templated":true}]}}