{"id":13896,"date":"2026-01-22T17:44:15","date_gmt":"2026-01-22T16:44:15","guid":{"rendered":"https:\/\/familienhoerbuch.de\/?p=13896"},"modified":"2026-02-10T15:55:20","modified_gmt":"2026-02-10T14:55:20","slug":"tedx-in-freiburg","status":"publish","type":"post","link":"https:\/\/familienhoerbuch.de\/en\/tedx-in-freiburg\/","title":{"rendered":"Ideas change everything"},"content":{"rendered":"<p>Bereits zum zehnten Mal finden im Konzerthaus Freiburg inspirierende TEDx-Vortr\u00e4ge statt (Samstag, 28.03.2026). Familienh\u00f6rbuch-Gr\u00fcnderin Judith Gr\u00fcmmer ist als Speakerin am Start.<\/p>\n\n\n\n<p><a href=\"https:\/\/www.tedxfreiburg.com\/\">Mehr dar\u00fcber erfahren<\/a><\/p>","protected":false},"excerpt":{"rendered":"<p>Bereits zum zehnten Mal finden im Konzerthaus Freiburg inspirierende TEDx-Vortr\u00e4ge statt (Samstag, 28.03.2026). Familienh\u00f6rbuch-Gr\u00fcnderin Judith Gr\u00fcmmer ist als Speakerin am Start. Mehr dar\u00fcber erfahren<\/p>","protected":false},"author":3,"featured_media":13897,"comment_status":"closed","ping_status":"","sticky":false,"template":"","format":"standard","meta":{"_acf_changed":false,"footnotes":""},"categories":[13,116],"tags":[546,487,16,545,547,544],"class_list":["post-13896","post","type-post","status-publish","format-standard","has-post-thumbnail","hentry","category-archiv","category-veranstaltungen","tag-10-jahre","tag-freiburg","tag-judith-gruemmer","tag-konzerthaus","tag-speakerin","tag-tedx"],"acf":[],"_links":{"self":[{"href":"https:\/\/familienhoerbuch.de\/en\/wp-json\/wp\/v2\/posts\/13896","targetHints":{"allow":["GET"]}}],"collection":[{"href":"https:\/\/familienhoerbuch.de\/en\/wp-json\/wp\/v2\/posts"}],"about":[{"href":"https:\/\/familienhoerbuch.de\/en\/wp-json\/wp\/v2\/types\/post"}],"author":[{"embeddable":true,"href":"https:\/\/familienhoerbuch.de\/en\/wp-json\/wp\/v2\/users\/3"}],"replies":[{"embeddable":true,"href":"https:\/\/familienhoerbuch.de\/en\/wp-json\/wp\/v2\/comments?post=13896"}],"version-history":[{"count":0,"href":"https:\/\/familienhoerbuch.de\/en\/wp-json\/wp\/v2\/posts\/13896\/revisions"}],"wp:featuredmedia":[{"embeddable":true,"href":"https:\/\/familienhoerbuch.de\/en\/wp-json\/wp\/v2\/media\/13897"}],"wp:attachment":[{"href":"https:\/\/familienhoerbuch.de\/en\/wp-json\/wp\/v2\/media?parent=13896"}],"wp:term":[{"taxonomy":"category","embeddable":true,"href":"https:\/\/familienhoerbuch.de\/en\/wp-json\/wp\/v2\/categories?post=13896"},{"taxonomy":"post_tag","embeddable":true,"href":"https:\/\/familienhoerbuch.de\/en\/wp-json\/wp\/v2\/tags?post=13896"}],"curies":[{"name":"wp","href":"https:\/\/api.w.org\/{rel}","templated":true}]}}