{"id":13690,"date":"2025-12-17T14:05:08","date_gmt":"2025-12-17T13:05:08","guid":{"rendered":"https:\/\/familienhoerbuch.de\/?p=13690"},"modified":"2026-01-29T13:39:09","modified_gmt":"2026-01-29T12:39:09","slug":"lebensheldin-podcast","status":"publish","type":"post","link":"https:\/\/familienhoerbuch.de\/en\/lebensheldin-podcast\/","title":{"rendered":"Lebensheldin Podcast"},"content":{"rendered":"<p>In der aktuellen Podcastfolge von \u201eFrauen &amp; Krebs\u201c (Lebensheldin! e.V.) ist Gr\u00fcnderin Judith Gr\u00fcmmer zu h\u00f6ren. Sie unterstreicht:\u00a0<em>\u201eDie Kraft der Worte ist Liebe f\u00fcr die Ohren&#8220;<\/em>. Der Inhalt soll Betroffenen vermitteln: \u201eIch seid gesehen. Ich seid nicht allein.\u201c<\/p>\n\n\n\n<p><a href=\"https:\/\/open.spotify.com\/episode\/3eHc0Jxus8zpuz6vFRsy0v\">Zur Podcastfolge<\/a><\/p>\n\n\n\n<p>Lebensheldin! e.V. ist eine gemeinn\u00fctzige Organisation, die <strong>Frauen mit einer Krebsdiagnose und ihre Mitbetroffenen<\/strong> auf dem Weg der seelischen Heilung begleitet \u2013 auch Jahre nach der Therapie. Der Fokus liegt unter anderem auf Frauengesundheit, Pers\u00f6nlichkeitsentwicklung und echte Gemeinschaft.<\/p>","protected":false},"excerpt":{"rendered":"<p>In der aktuellen Podcastfolge von \u201eFrauen &amp; Krebs\u201c (Lebensheldin! e.V.) ist Gr\u00fcnderin Judith Gr\u00fcmmer zu h\u00f6ren. Sie unterstreicht:\u00a0\u201eDie Kraft der Worte ist Liebe f\u00fcr die Ohren&#8220;. Der Inhalt soll Betroffenen vermitteln: \u201eIch seid gesehen. Ich seid nicht allein.\u201c Zur Podcastfolge Lebensheldin! e.V. ist eine gemeinn\u00fctzige Organisation, die Frauen mit einer Krebsdiagnose und ihre Mitbetroffenen auf [&hellip;]<\/p>","protected":false},"author":3,"featured_media":13691,"comment_status":"closed","ping_status":"","sticky":false,"template":"","format":"standard","meta":{"_acf_changed":false,"footnotes":""},"categories":[13,114],"tags":[16,524,525,34],"class_list":["post-13690","post","type-post","status-publish","format-standard","has-post-thumbnail","hentry","category-archiv","category-podcast","tag-judith-gruemmer","tag-lebensheldin","tag-liebe-fuer-die-ohren","tag-podcast"],"acf":[],"_links":{"self":[{"href":"https:\/\/familienhoerbuch.de\/en\/wp-json\/wp\/v2\/posts\/13690","targetHints":{"allow":["GET"]}}],"collection":[{"href":"https:\/\/familienhoerbuch.de\/en\/wp-json\/wp\/v2\/posts"}],"about":[{"href":"https:\/\/familienhoerbuch.de\/en\/wp-json\/wp\/v2\/types\/post"}],"author":[{"embeddable":true,"href":"https:\/\/familienhoerbuch.de\/en\/wp-json\/wp\/v2\/users\/3"}],"replies":[{"embeddable":true,"href":"https:\/\/familienhoerbuch.de\/en\/wp-json\/wp\/v2\/comments?post=13690"}],"version-history":[{"count":0,"href":"https:\/\/familienhoerbuch.de\/en\/wp-json\/wp\/v2\/posts\/13690\/revisions"}],"wp:featuredmedia":[{"embeddable":true,"href":"https:\/\/familienhoerbuch.de\/en\/wp-json\/wp\/v2\/media\/13691"}],"wp:attachment":[{"href":"https:\/\/familienhoerbuch.de\/en\/wp-json\/wp\/v2\/media?parent=13690"}],"wp:term":[{"taxonomy":"category","embeddable":true,"href":"https:\/\/familienhoerbuch.de\/en\/wp-json\/wp\/v2\/categories?post=13690"},{"taxonomy":"post_tag","embeddable":true,"href":"https:\/\/familienhoerbuch.de\/en\/wp-json\/wp\/v2\/tags?post=13690"}],"curies":[{"name":"wp","href":"https:\/\/api.w.org\/{rel}","templated":true}]}}