{"id":13542,"date":"2025-12-15T14:15:30","date_gmt":"2025-12-15T13:15:30","guid":{"rendered":"https:\/\/familienhoerbuch.de\/?p=13542"},"modified":"2025-12-22T14:56:28","modified_gmt":"2025-12-22T13:56:28","slug":"akp-plus-unterstuetzt","status":"publish","type":"post","link":"https:\/\/familienhoerbuch.de\/en\/akp-plus-unterstuetzt\/","title":{"rendered":"AKP PLUS unterst\u00fctzt"},"content":{"rendered":"<p>Die Unterst\u00fctzung aus Kamen (nordrhein-westf\u00e4lische Hansestadt) war eine \u00dcberraschung und traf gleich mitten ins Familienh\u00f6rbuch-Herz. Das Unternehmen aus dem Homecare-Bereich \u00fcbernimmt eine besondere Rolle an den Schnittstellen unseres Gesundheitssystems, insbesondere bei \u00dcberleitungen vom station\u00e4ren in den ambulanten Bereich. Ein Teammitglied (Rafael Stute) wurde durch den Podcast vom Palliativteam Nordhessen <a href=\"https:\/\/open.spotify.com\/episode\/5WEyudXpfTbL0cMQ2GV5cT\">\u201eSterben f\u00fcr Anf\u00e4nger\u201c<\/a> auf das Familienh\u00f6rbuch-Projekt aufmerksam. AKP PLUS war von der Folge und den H\u00f6rbeispielen so ber\u00fchrt, dass schnell klar war, dass dies unterst\u00fctzenswert ist und sendete 1.500 Euro. <\/p>\n\n\n\n<p><\/p>","protected":false},"excerpt":{"rendered":"<p>Die Unterst\u00fctzung aus Kamen (nordrhein-westf\u00e4lische Hansestadt) war eine \u00dcberraschung und traf gleich mitten ins Familienh\u00f6rbuch-Herz. Das Unternehmen aus dem Homecare-Bereich \u00fcbernimmt eine besondere Rolle an den Schnittstellen unseres Gesundheitssystems, insbesondere bei \u00dcberleitungen vom station\u00e4ren in den ambulanten Bereich. Ein Teammitglied (Rafael Stute) wurde durch den Podcast vom Palliativteam Nordhessen \u201eSterben f\u00fcr Anf\u00e4nger\u201c auf das Familienh\u00f6rbuch-Projekt [&hellip;]<\/p>","protected":false},"author":3,"featured_media":13543,"comment_status":"closed","ping_status":"","sticky":false,"template":"","format":"standard","meta":{"_acf_changed":false,"footnotes":""},"categories":[13,115],"tags":[522,157,521,233],"class_list":["post-13542","post","type-post","status-publish","format-standard","has-post-thumbnail","hentry","category-archiv","category-spenden","tag-akp-plus","tag-firmenspende","tag-kamen","tag-unternehmensspende"],"acf":[],"_links":{"self":[{"href":"https:\/\/familienhoerbuch.de\/en\/wp-json\/wp\/v2\/posts\/13542","targetHints":{"allow":["GET"]}}],"collection":[{"href":"https:\/\/familienhoerbuch.de\/en\/wp-json\/wp\/v2\/posts"}],"about":[{"href":"https:\/\/familienhoerbuch.de\/en\/wp-json\/wp\/v2\/types\/post"}],"author":[{"embeddable":true,"href":"https:\/\/familienhoerbuch.de\/en\/wp-json\/wp\/v2\/users\/3"}],"replies":[{"embeddable":true,"href":"https:\/\/familienhoerbuch.de\/en\/wp-json\/wp\/v2\/comments?post=13542"}],"version-history":[{"count":0,"href":"https:\/\/familienhoerbuch.de\/en\/wp-json\/wp\/v2\/posts\/13542\/revisions"}],"wp:featuredmedia":[{"embeddable":true,"href":"https:\/\/familienhoerbuch.de\/en\/wp-json\/wp\/v2\/media\/13543"}],"wp:attachment":[{"href":"https:\/\/familienhoerbuch.de\/en\/wp-json\/wp\/v2\/media?parent=13542"}],"wp:term":[{"taxonomy":"category","embeddable":true,"href":"https:\/\/familienhoerbuch.de\/en\/wp-json\/wp\/v2\/categories?post=13542"},{"taxonomy":"post_tag","embeddable":true,"href":"https:\/\/familienhoerbuch.de\/en\/wp-json\/wp\/v2\/tags?post=13542"}],"curies":[{"name":"wp","href":"https:\/\/api.w.org\/{rel}","templated":true}]}}