{"id":13527,"date":"2025-12-11T17:22:58","date_gmt":"2025-12-11T16:22:58","guid":{"rendered":"https:\/\/familienhoerbuch.de\/?p=13527"},"modified":"2025-12-22T08:37:37","modified_gmt":"2025-12-22T07:37:37","slug":"ad-hoc-foerderung","status":"publish","type":"post","link":"https:\/\/familienhoerbuch.de\/en\/ad-hoc-foerderung\/","title":{"rendered":"Ad-Hoc-F\u00f6rderung"},"content":{"rendered":"<p>Die Wartezeit f\u00fcr die Aufnahme ins Familienh\u00f6rbuchprojekt verk\u00fcrzt sich aktuell nochmal erfreulich. Unter anderem wirkt daran die Swiss Life Stiftung mit, die uns zum wiederholten Mal f\u00f6rdert. Im Dezember durften wir uns \u00fcber 5.000 Euro Ad-Hoc-F\u00f6rderung freuen. Diese Unterst\u00fctzung ist weit mehr als \u201efinanzielle Hilfe\u201c. Sie ist ein Zeichen des Vertrauens, der Verbundenheit und des gemeinsamen Engagements f\u00fcr Familien, die in herausfordernden Situationen Kraft und Trost suchen.<\/p>","protected":false},"excerpt":{"rendered":"<p>Die Wartezeit f\u00fcr die Aufnahme ins Familienh\u00f6rbuchprojekt verk\u00fcrzt sich aktuell nochmal erfreulich. Unter anderem wirkt daran die Swiss Life Stiftung mit, die uns zum wiederholten Mal f\u00f6rdert. Im Dezember durften wir uns \u00fcber 5.000 Euro Ad-Hoc-F\u00f6rderung freuen. Diese Unterst\u00fctzung ist weit mehr als \u201efinanzielle Hilfe\u201c. Sie ist ein Zeichen des Vertrauens, der Verbundenheit und des [&hellip;]<\/p>","protected":false},"author":3,"featured_media":13528,"comment_status":"closed","ping_status":"","sticky":false,"template":"","format":"standard","meta":{"_acf_changed":false,"footnotes":""},"categories":[13,115],"tags":[28,204,67,292],"class_list":["post-13527","post","type-post","status-publish","format-standard","has-post-thumbnail","hentry","category-archiv","category-spenden","tag-familienhoerbuch","tag-foerderer","tag-spende","tag-swiss-life"],"acf":[],"_links":{"self":[{"href":"https:\/\/familienhoerbuch.de\/en\/wp-json\/wp\/v2\/posts\/13527","targetHints":{"allow":["GET"]}}],"collection":[{"href":"https:\/\/familienhoerbuch.de\/en\/wp-json\/wp\/v2\/posts"}],"about":[{"href":"https:\/\/familienhoerbuch.de\/en\/wp-json\/wp\/v2\/types\/post"}],"author":[{"embeddable":true,"href":"https:\/\/familienhoerbuch.de\/en\/wp-json\/wp\/v2\/users\/3"}],"replies":[{"embeddable":true,"href":"https:\/\/familienhoerbuch.de\/en\/wp-json\/wp\/v2\/comments?post=13527"}],"version-history":[{"count":0,"href":"https:\/\/familienhoerbuch.de\/en\/wp-json\/wp\/v2\/posts\/13527\/revisions"}],"wp:featuredmedia":[{"embeddable":true,"href":"https:\/\/familienhoerbuch.de\/en\/wp-json\/wp\/v2\/media\/13528"}],"wp:attachment":[{"href":"https:\/\/familienhoerbuch.de\/en\/wp-json\/wp\/v2\/media?parent=13527"}],"wp:term":[{"taxonomy":"category","embeddable":true,"href":"https:\/\/familienhoerbuch.de\/en\/wp-json\/wp\/v2\/categories?post=13527"},{"taxonomy":"post_tag","embeddable":true,"href":"https:\/\/familienhoerbuch.de\/en\/wp-json\/wp\/v2\/tags?post=13527"}],"curies":[{"name":"wp","href":"https:\/\/api.w.org\/{rel}","templated":true}]}}