{"id":13524,"date":"2025-12-11T15:32:03","date_gmt":"2025-12-11T14:32:03","guid":{"rendered":"https:\/\/familienhoerbuch.de\/?p=13524"},"modified":"2025-12-22T08:37:56","modified_gmt":"2025-12-22T07:37:56","slug":"in-der-oberlaender-rundschau","status":"publish","type":"post","link":"https:\/\/familienhoerbuch.de\/en\/in-der-oberlaender-rundschau\/","title":{"rendered":"In der Oberl\u00e4nder Rundschau"},"content":{"rendered":"<p>Das Familienh\u00f6rbuch ist in Einzelf\u00e4llen auch in \u00d6sterreich unterwegs. K\u00fcrzlich durfte eine unserer Audiobiografinnen an einer Veranstaltung in Insbruck teilnehmen (Kulturbogen55) und zum Thema \u201eWie klingt ein Leben, wenn es erz\u00e4hlt wird?&#8220; sprechen. Die Oberl\u00e4nder Rundschau berichtete \u00fcber den Abend und stellte das Familienh\u00f6rbuch der Leserschaft vor.<\/p>\n\n\n\n<p><a href=\"https:\/\/www.rundschau.at\/ePaper\/epaper2025.php?id=70879598\">Lesen auf Seite 10<\/a><\/p>","protected":false},"excerpt":{"rendered":"<p>Das Familienh\u00f6rbuch ist in Einzelf\u00e4llen auch in \u00d6sterreich unterwegs. K\u00fcrzlich durfte eine unserer Audiobiografinnen an einer Veranstaltung in Insbruck teilnehmen (Kulturbogen55) und zum Thema \u201eWie klingt ein Leben, wenn es erz\u00e4hlt wird?&#8220; sprechen. Die Oberl\u00e4nder Rundschau berichtete \u00fcber den Abend und stellte das Familienh\u00f6rbuch der Leserschaft vor. Lesen auf Seite 10<\/p>","protected":false},"author":3,"featured_media":13525,"comment_status":"closed","ping_status":"","sticky":false,"template":"","format":"standard","meta":{"_acf_changed":false,"footnotes":""},"categories":[13,113],"tags":[386,515,72],"class_list":["post-13524","post","type-post","status-publish","format-standard","has-post-thumbnail","hentry","category-archiv","category-print-digital","tag-caroline-huettl","tag-insbruck","tag-oesterreich"],"acf":[],"_links":{"self":[{"href":"https:\/\/familienhoerbuch.de\/en\/wp-json\/wp\/v2\/posts\/13524","targetHints":{"allow":["GET"]}}],"collection":[{"href":"https:\/\/familienhoerbuch.de\/en\/wp-json\/wp\/v2\/posts"}],"about":[{"href":"https:\/\/familienhoerbuch.de\/en\/wp-json\/wp\/v2\/types\/post"}],"author":[{"embeddable":true,"href":"https:\/\/familienhoerbuch.de\/en\/wp-json\/wp\/v2\/users\/3"}],"replies":[{"embeddable":true,"href":"https:\/\/familienhoerbuch.de\/en\/wp-json\/wp\/v2\/comments?post=13524"}],"version-history":[{"count":0,"href":"https:\/\/familienhoerbuch.de\/en\/wp-json\/wp\/v2\/posts\/13524\/revisions"}],"wp:featuredmedia":[{"embeddable":true,"href":"https:\/\/familienhoerbuch.de\/en\/wp-json\/wp\/v2\/media\/13525"}],"wp:attachment":[{"href":"https:\/\/familienhoerbuch.de\/en\/wp-json\/wp\/v2\/media?parent=13524"}],"wp:term":[{"taxonomy":"category","embeddable":true,"href":"https:\/\/familienhoerbuch.de\/en\/wp-json\/wp\/v2\/categories?post=13524"},{"taxonomy":"post_tag","embeddable":true,"href":"https:\/\/familienhoerbuch.de\/en\/wp-json\/wp\/v2\/tags?post=13524"}],"curies":[{"name":"wp","href":"https:\/\/api.w.org\/{rel}","templated":true}]}}