{"id":13513,"date":"2025-12-10T15:19:47","date_gmt":"2025-12-10T14:19:47","guid":{"rendered":"https:\/\/familienhoerbuch.de\/?p=13513"},"modified":"2025-12-16T09:27:31","modified_gmt":"2025-12-16T08:27:31","slug":"interview-zum-ehrenamtstag","status":"publish","type":"post","link":"https:\/\/familienhoerbuch.de\/en\/interview-zum-ehrenamtstag\/","title":{"rendered":"Interview zum Ehrenamtstag"},"content":{"rendered":"<p>Das Magazin f\u00fcr Sauerl\u00e4nder Lebensart WOLL hat mit Christine Gough aus dem Familienh\u00f6rbuch-Team gesprochen. Sie st\u00e4rkt der Gesamtkommunikation im Bereich PR-Recherche\/Archivierung seit drei Jahren ehrenamtlich den R\u00fccken. <\/p>\n\n\n\n<p><a href=\"https:\/\/woll-magazin.de\/internationaler-tag-des-ehrenamtes\/\">Zum Artikel<\/a><\/p>\n\n\n\n<p><\/p>","protected":false},"excerpt":{"rendered":"<p>Das Magazin f\u00fcr Sauerl\u00e4nder Lebensart WOLL hat mit Christine Gough aus dem Familienh\u00f6rbuch-Team gesprochen. Sie st\u00e4rkt der Gesamtkommunikation im Bereich PR-Recherche\/Archivierung seit drei Jahren ehrenamtlich den R\u00fccken. Zum Artikel<\/p>","protected":false},"author":3,"featured_media":13514,"comment_status":"closed","ping_status":"","sticky":false,"template":"","format":"standard","meta":{"_acf_changed":false,"footnotes":""},"categories":[13,113],"tags":[514,150,512,513],"class_list":["post-13513","post","type-post","status-publish","format-standard","has-post-thumbnail","hentry","category-archiv","category-print-digital","tag-christine-gough","tag-ehrenamt","tag-woll","tag-woll-verlag"],"acf":[],"_links":{"self":[{"href":"https:\/\/familienhoerbuch.de\/en\/wp-json\/wp\/v2\/posts\/13513","targetHints":{"allow":["GET"]}}],"collection":[{"href":"https:\/\/familienhoerbuch.de\/en\/wp-json\/wp\/v2\/posts"}],"about":[{"href":"https:\/\/familienhoerbuch.de\/en\/wp-json\/wp\/v2\/types\/post"}],"author":[{"embeddable":true,"href":"https:\/\/familienhoerbuch.de\/en\/wp-json\/wp\/v2\/users\/3"}],"replies":[{"embeddable":true,"href":"https:\/\/familienhoerbuch.de\/en\/wp-json\/wp\/v2\/comments?post=13513"}],"version-history":[{"count":0,"href":"https:\/\/familienhoerbuch.de\/en\/wp-json\/wp\/v2\/posts\/13513\/revisions"}],"wp:featuredmedia":[{"embeddable":true,"href":"https:\/\/familienhoerbuch.de\/en\/wp-json\/wp\/v2\/media\/13514"}],"wp:attachment":[{"href":"https:\/\/familienhoerbuch.de\/en\/wp-json\/wp\/v2\/media?parent=13513"}],"wp:term":[{"taxonomy":"category","embeddable":true,"href":"https:\/\/familienhoerbuch.de\/en\/wp-json\/wp\/v2\/categories?post=13513"},{"taxonomy":"post_tag","embeddable":true,"href":"https:\/\/familienhoerbuch.de\/en\/wp-json\/wp\/v2\/tags?post=13513"}],"curies":[{"name":"wp","href":"https:\/\/api.w.org\/{rel}","templated":true}]}}