{"id":13332,"date":"2025-12-08T12:37:03","date_gmt":"2025-12-08T11:37:03","guid":{"rendered":"https:\/\/familienhoerbuch.de\/?p=13332"},"modified":"2025-12-16T09:28:22","modified_gmt":"2025-12-16T08:28:22","slug":"sonderpreis-erhalten","status":"publish","type":"post","link":"https:\/\/familienhoerbuch.de\/en\/sonderpreis-erhalten\/","title":{"rendered":"Sonderpreis erhalten"},"content":{"rendered":"<p>Bereits im November wurde die Familienh\u00f6rbuch gGmbH als einer von 25 \u201eBessermachern&#8220; ausgezeichnet (Imhoff Stiftung, wir berichteten). Die pr\u00e4mierten Organisationen durften im Rahmen eines Festakts im Historischen Rathaus K\u00f6ln zus\u00e4tzlich an einer Sonderpreisverlosung teilnehmen. Das Familienh\u00f6rbuch geh\u00f6rt zu den drei Gl\u00fccklichen, die seit 4. Dezember wissen, dass dadurch die Bessermacher-Unterst\u00fctzungssumme von 5.000 Euro auf 25.000 Euro aufgestockt wird. Ein echter Grund zum Feiern.<\/p>\n\n\n\n<p><a href=\"https:\/\/www.ksta.de\/koeln\/25-jaehriges-jubilaeum-imhoff-stiftung-zeichnet-25-bessermacher-fuer-koeln-aus-1164375\">Bericht im K\u00f6lner Stadtanzeiger<\/a><\/p>","protected":false},"excerpt":{"rendered":"<p>Bereits im November wurde die Familienh\u00f6rbuch gGmbH als einer von 25 \u201eBessermachern&#8220; ausgezeichnet (Imhoff Stiftung, wir berichteten). Die pr\u00e4mierten Organisationen durften im Rahmen eines Festakts im Historischen Rathaus K\u00f6ln zus\u00e4tzlich an einer Sonderpreisverlosung teilnehmen. Das Familienh\u00f6rbuch geh\u00f6rt zu den drei Gl\u00fccklichen, die seit 4. Dezember wissen, dass dadurch die Bessermacher-Unterst\u00fctzungssumme von 5.000 Euro auf 25.000 [&hellip;]<\/p>","protected":false},"author":3,"featured_media":13333,"comment_status":"closed","ping_status":"","sticky":false,"template":"","format":"standard","meta":{"_acf_changed":false,"footnotes":""},"categories":[13,207],"tags":[496,174,506,507,17],"class_list":["post-13332","post","type-post","status-publish","format-standard","has-post-thumbnail","hentry","category-archiv","category-nominierungen-auszeichnungen","tag-bessermacher","tag-foerderung","tag-historisches-rathaus","tag-imhoff-stiftung","tag-koeln"],"acf":[],"_links":{"self":[{"href":"https:\/\/familienhoerbuch.de\/en\/wp-json\/wp\/v2\/posts\/13332","targetHints":{"allow":["GET"]}}],"collection":[{"href":"https:\/\/familienhoerbuch.de\/en\/wp-json\/wp\/v2\/posts"}],"about":[{"href":"https:\/\/familienhoerbuch.de\/en\/wp-json\/wp\/v2\/types\/post"}],"author":[{"embeddable":true,"href":"https:\/\/familienhoerbuch.de\/en\/wp-json\/wp\/v2\/users\/3"}],"replies":[{"embeddable":true,"href":"https:\/\/familienhoerbuch.de\/en\/wp-json\/wp\/v2\/comments?post=13332"}],"version-history":[{"count":0,"href":"https:\/\/familienhoerbuch.de\/en\/wp-json\/wp\/v2\/posts\/13332\/revisions"}],"wp:featuredmedia":[{"embeddable":true,"href":"https:\/\/familienhoerbuch.de\/en\/wp-json\/wp\/v2\/media\/13333"}],"wp:attachment":[{"href":"https:\/\/familienhoerbuch.de\/en\/wp-json\/wp\/v2\/media?parent=13332"}],"wp:term":[{"taxonomy":"category","embeddable":true,"href":"https:\/\/familienhoerbuch.de\/en\/wp-json\/wp\/v2\/categories?post=13332"},{"taxonomy":"post_tag","embeddable":true,"href":"https:\/\/familienhoerbuch.de\/en\/wp-json\/wp\/v2\/tags?post=13332"}],"curies":[{"name":"wp","href":"https:\/\/api.w.org\/{rel}","templated":true}]}}