{"id":13313,"date":"2025-12-04T08:51:22","date_gmt":"2025-12-04T07:51:22","guid":{"rendered":"https:\/\/familienhoerbuch.de\/?p=13313"},"modified":"2025-12-10T15:20:42","modified_gmt":"2025-12-10T14:20:42","slug":"wir-sind-bessermacher","status":"publish","type":"post","link":"https:\/\/familienhoerbuch.de\/en\/wir-sind-bessermacher\/","title":{"rendered":"Wir sind BESSERMACHER"},"content":{"rendered":"<p>Zum 25-j\u00e4hrigen Jubil\u00e4um lobte die K\u00f6lner Imhoff-Stiftung k\u00fcrzlich 25 \u201eBessermacher&#8220; aus. Insgesamt 180 Non-Profits wurden vorgeschlagen, das Familienh\u00f6rbuch freut sich unter den offiziellen Preistr\u00e4gern zu sein. Neben der damit verbundenen Wertsch\u00e4tzung und einer monet\u00e4ren F\u00f6rderung in H\u00f6he von 5.000 Euro besteht zudem die Chance auf einen Sonderpreis, der am 4. Dezember ausgelost wird.<\/p>\n\n\n\n<p><a href=\"https:\/\/www.imhoff-stiftung.de\/bessermacher\/\">Mehr \u00fcber die Stiftung<\/a><\/p>\n\n\n\n<p> <\/p>\n\n\n\n<p><\/p>","protected":false},"excerpt":{"rendered":"<p>Zum 25-j\u00e4hrigen Jubil\u00e4um lobte die K\u00f6lner Imhoff-Stiftung k\u00fcrzlich 25 \u201eBessermacher&#8220; aus. Insgesamt 180 Non-Profits wurden vorgeschlagen, das Familienh\u00f6rbuch freut sich unter den offiziellen Preistr\u00e4gern zu sein. Neben der damit verbundenen Wertsch\u00e4tzung und einer monet\u00e4ren F\u00f6rderung in H\u00f6he von 5.000 Euro besteht zudem die Chance auf einen Sonderpreis, der am 4. Dezember ausgelost wird. Mehr \u00fcber [&hellip;]<\/p>","protected":false},"author":3,"featured_media":13314,"comment_status":"closed","ping_status":"","sticky":false,"template":"","format":"standard","meta":{"_acf_changed":false,"footnotes":""},"categories":[13,207],"tags":[496,148,495,17,260],"class_list":["post-13313","post","type-post","status-publish","format-standard","has-post-thumbnail","hentry","category-archiv","category-nominierungen-auszeichnungen","tag-bessermacher","tag-gruemmer","tag-imhoff","tag-koeln","tag-stiftung"],"acf":[],"_links":{"self":[{"href":"https:\/\/familienhoerbuch.de\/en\/wp-json\/wp\/v2\/posts\/13313","targetHints":{"allow":["GET"]}}],"collection":[{"href":"https:\/\/familienhoerbuch.de\/en\/wp-json\/wp\/v2\/posts"}],"about":[{"href":"https:\/\/familienhoerbuch.de\/en\/wp-json\/wp\/v2\/types\/post"}],"author":[{"embeddable":true,"href":"https:\/\/familienhoerbuch.de\/en\/wp-json\/wp\/v2\/users\/3"}],"replies":[{"embeddable":true,"href":"https:\/\/familienhoerbuch.de\/en\/wp-json\/wp\/v2\/comments?post=13313"}],"version-history":[{"count":0,"href":"https:\/\/familienhoerbuch.de\/en\/wp-json\/wp\/v2\/posts\/13313\/revisions"}],"wp:featuredmedia":[{"embeddable":true,"href":"https:\/\/familienhoerbuch.de\/en\/wp-json\/wp\/v2\/media\/13314"}],"wp:attachment":[{"href":"https:\/\/familienhoerbuch.de\/en\/wp-json\/wp\/v2\/media?parent=13313"}],"wp:term":[{"taxonomy":"category","embeddable":true,"href":"https:\/\/familienhoerbuch.de\/en\/wp-json\/wp\/v2\/categories?post=13313"},{"taxonomy":"post_tag","embeddable":true,"href":"https:\/\/familienhoerbuch.de\/en\/wp-json\/wp\/v2\/tags?post=13313"}],"curies":[{"name":"wp","href":"https:\/\/api.w.org\/{rel}","templated":true}]}}