{"id":13296,"date":"2025-12-04T08:04:08","date_gmt":"2025-12-04T07:04:08","guid":{"rendered":"https:\/\/familienhoerbuch.de\/?p=13296"},"modified":"2025-12-10T15:21:11","modified_gmt":"2025-12-10T14:21:11","slug":"aktuell-im-national-geographic","status":"publish","type":"post","link":"https:\/\/familienhoerbuch.de\/en\/aktuell-im-national-geographic\/","title":{"rendered":"Aktuell im National Geographic"},"content":{"rendered":"<p>Unter dem Titel \u201eEine Stimme, die bleibt&#8220; findet sich das Familienh\u00f6rbuch derzeit im National Geographic Magazin unter der Rubrik \u201eGenial gedacht&#8220;. Das Foto der Gr\u00fcnderin Judith Gr\u00fcmmer wurde von Fotografin Selina Pfr\u00fcner erstellt.  <\/p>","protected":false},"excerpt":{"rendered":"<p>Unter dem Titel \u201eEine Stimme, die bleibt&#8220; findet sich das Familienh\u00f6rbuch derzeit im National Geographic Magazin unter der Rubrik \u201eGenial gedacht&#8220;. Das Foto der Gr\u00fcnderin Judith Gr\u00fcmmer wurde von Fotografin Selina Pfr\u00fcner erstellt.<\/p>","protected":false},"author":3,"featured_media":13297,"comment_status":"closed","ping_status":"","sticky":false,"template":"","format":"standard","meta":{"_acf_changed":false,"footnotes":""},"categories":[13,113],"tags":[493,148,139,494,101],"class_list":["post-13296","post","type-post","status-publish","format-standard","has-post-thumbnail","hentry","category-archiv","category-print-digital","tag-genial-gedacht","tag-gruemmer","tag-magazin","tag-national-geographic","tag-selina-pfruener"],"acf":[],"_links":{"self":[{"href":"https:\/\/familienhoerbuch.de\/en\/wp-json\/wp\/v2\/posts\/13296","targetHints":{"allow":["GET"]}}],"collection":[{"href":"https:\/\/familienhoerbuch.de\/en\/wp-json\/wp\/v2\/posts"}],"about":[{"href":"https:\/\/familienhoerbuch.de\/en\/wp-json\/wp\/v2\/types\/post"}],"author":[{"embeddable":true,"href":"https:\/\/familienhoerbuch.de\/en\/wp-json\/wp\/v2\/users\/3"}],"replies":[{"embeddable":true,"href":"https:\/\/familienhoerbuch.de\/en\/wp-json\/wp\/v2\/comments?post=13296"}],"version-history":[{"count":0,"href":"https:\/\/familienhoerbuch.de\/en\/wp-json\/wp\/v2\/posts\/13296\/revisions"}],"wp:featuredmedia":[{"embeddable":true,"href":"https:\/\/familienhoerbuch.de\/en\/wp-json\/wp\/v2\/media\/13297"}],"wp:attachment":[{"href":"https:\/\/familienhoerbuch.de\/en\/wp-json\/wp\/v2\/media?parent=13296"}],"wp:term":[{"taxonomy":"category","embeddable":true,"href":"https:\/\/familienhoerbuch.de\/en\/wp-json\/wp\/v2\/categories?post=13296"},{"taxonomy":"post_tag","embeddable":true,"href":"https:\/\/familienhoerbuch.de\/en\/wp-json\/wp\/v2\/tags?post=13296"}],"curies":[{"name":"wp","href":"https:\/\/api.w.org\/{rel}","templated":true}]}}