{"id":13292,"date":"2025-12-03T17:06:29","date_gmt":"2025-12-03T16:06:29","guid":{"rendered":"https:\/\/familienhoerbuch.de\/?p=13292"},"modified":"2025-12-10T15:22:18","modified_gmt":"2025-12-10T14:22:18","slug":"ag-und-kollegen-unterstuetzen","status":"publish","type":"post","link":"https:\/\/familienhoerbuch.de\/en\/ag-und-kollegen-unterstuetzen\/","title":{"rendered":"AG und Kollegen unterst\u00fctzen"},"content":{"rendered":"<p>Gr\u00fcnderin Judith Gr\u00fcmmer war im November bei der Leybold\u00a0GmbH in K\u00f6ln eingeladen und durfte einen Spendenscheck entgegennehmen. Die Hintergrundgeschichte ber\u00fchrt besonders: Einer unserer Projektteilnehmer (Arbeitnehmer bei Leybold) hatte dort darauf aufmerksam gemacht, dass ihm \u00fcberaus wichtig sei, dass schwerkranke Elternteile mit dem Familienh\u00f6rbuch ihre Lebensgeschichte einsprechen k\u00f6nnen. Er hatte dies selbst als sehr wertvoll empfunden.<\/p>\n\n\n\n<p>Sein Wunsch wurde vom Unternehmen und vielen Kollegen aufgegriffen. Sie starteten einen entsprechenden Spendenlauf. \u201eBesonders gefreut hat uns dabei, dass auch ehemalige Kolleginnen und Kollegen vorbeigekommen sind, um die Initiative zu unterst\u00fctzen&#8220;, berichtet die Gesch\u00e4ftsf\u00fchrerin von Leybold, Rene Rose St\u00fcber.&nbsp;Dank des tollen Supports kamen 1.179 Euro an Startgeld und 3.495 Euro an Rundengeld zusammen. \u201eZus\u00e4tzlich hat die Firma Leybold den Betrag aufgestockt, sodass wir gemeinsam mit rund 6.000 Euro beitragen konnten\u201c, erg\u00e4nzt sie. <\/p>\n\n\n\n<p><\/p>","protected":false},"excerpt":{"rendered":"<p>Gr\u00fcnderin Judith Gr\u00fcmmer war im November bei der Leybold\u00a0GmbH in K\u00f6ln eingeladen und durfte einen Spendenscheck entgegennehmen. Die Hintergrundgeschichte ber\u00fchrt besonders: Einer unserer Projektteilnehmer (Arbeitnehmer bei Leybold) hatte dort darauf aufmerksam gemacht, dass ihm \u00fcberaus wichtig sei, dass schwerkranke Elternteile mit dem Familienh\u00f6rbuch ihre Lebensgeschichte einsprechen k\u00f6nnen. Er hatte dies selbst als sehr wertvoll empfunden. [&hellip;]<\/p>","protected":false},"author":3,"featured_media":13293,"comment_status":"closed","ping_status":"","sticky":false,"template":"","format":"standard","meta":{"_acf_changed":false,"footnotes":""},"categories":[13,115],"tags":[17,492,35,67,488],"class_list":["post-13292","post","type-post","status-publish","format-standard","has-post-thumbnail","hentry","category-archiv","category-spenden","tag-koeln","tag-leybold","tag-projektteilnehmer","tag-spende","tag-spendenlauf"],"acf":[],"_links":{"self":[{"href":"https:\/\/familienhoerbuch.de\/en\/wp-json\/wp\/v2\/posts\/13292","targetHints":{"allow":["GET"]}}],"collection":[{"href":"https:\/\/familienhoerbuch.de\/en\/wp-json\/wp\/v2\/posts"}],"about":[{"href":"https:\/\/familienhoerbuch.de\/en\/wp-json\/wp\/v2\/types\/post"}],"author":[{"embeddable":true,"href":"https:\/\/familienhoerbuch.de\/en\/wp-json\/wp\/v2\/users\/3"}],"replies":[{"embeddable":true,"href":"https:\/\/familienhoerbuch.de\/en\/wp-json\/wp\/v2\/comments?post=13292"}],"version-history":[{"count":0,"href":"https:\/\/familienhoerbuch.de\/en\/wp-json\/wp\/v2\/posts\/13292\/revisions"}],"wp:featuredmedia":[{"embeddable":true,"href":"https:\/\/familienhoerbuch.de\/en\/wp-json\/wp\/v2\/media\/13293"}],"wp:attachment":[{"href":"https:\/\/familienhoerbuch.de\/en\/wp-json\/wp\/v2\/media?parent=13292"}],"wp:term":[{"taxonomy":"category","embeddable":true,"href":"https:\/\/familienhoerbuch.de\/en\/wp-json\/wp\/v2\/categories?post=13292"},{"taxonomy":"post_tag","embeddable":true,"href":"https:\/\/familienhoerbuch.de\/en\/wp-json\/wp\/v2\/tags?post=13292"}],"curies":[{"name":"wp","href":"https:\/\/api.w.org\/{rel}","templated":true}]}}