{"id":13142,"date":"2025-11-18T15:09:36","date_gmt":"2025-11-18T14:09:36","guid":{"rendered":"https:\/\/familienhoerbuch.de\/?p=13142"},"modified":"2026-04-21T11:26:47","modified_gmt":"2026-04-21T09:26:47","slug":"1000-euro-extra","status":"publish","type":"post","link":"https:\/\/familienhoerbuch.de\/en\/1000-euro-extra\/","title":{"rendered":"1.000 Euro extra"},"content":{"rendered":"<p>Gerade w\u00e4hrend der emotional intensiven Weihnachtszeit tut es gut, wenn das Familienh\u00f6rbuch-Team betroffenen Elternteilen eine Zusage zur Aufnahme ins Projekt geben kann. F\u00fcr uns \u00fcberraschend kam k\u00fcrzlich zus\u00e4tzlicher R\u00fcckenwind von der Erich &amp; Agnes Z\u00fchr Stiftung an. Uns freut, dass die Stiftung Kontakt zu uns h\u00e4lt und erneut f\u00f6rdert. Mit den zugesprochenen 1.000 Euro kommen wir nicht nur der Realisierung eines weiteren Familienh\u00f6rbuchs n\u00e4her, nein, es ist auch ein deutliches Zeichen, dass wir nicht alleine sind in unserem Bestreben, die Lebensgeschichte von Palliativpatient:innen zu speichern, damit Kinder, die fr\u00fch Mama oder Papa verlieren m\u00fcssen, ein Zukunftsgeschenk erhalten, das beiden Seiten das gute Gef\u00fchl gibt, dass sie in Verbindung bleiben k\u00f6nnen.<\/p>\n\n\n\n<p><\/p>","protected":false},"excerpt":{"rendered":"<p>Gerade w\u00e4hrend der emotional intensiven Weihnachtszeit tut es gut, wenn das Familienh\u00f6rbuch-Team betroffenen Elternteilen eine Zusage zur Aufnahme ins Projekt geben kann. F\u00fcr uns \u00fcberraschend kam k\u00fcrzlich zus\u00e4tzlicher R\u00fcckenwind von der Erich &amp; Agnes Z\u00fchr Stiftung an. Uns freut, dass die Stiftung Kontakt zu uns h\u00e4lt und erneut f\u00f6rdert. Mit den zugesprochenen 1.000 Euro kommen [&hellip;]<\/p>","protected":false},"author":3,"featured_media":13143,"comment_status":"closed","ping_status":"closed","sticky":false,"template":"","format":"standard","meta":{"_acf_changed":false,"footnotes":""},"categories":[13,115],"tags":[484,485,174],"class_list":["post-13142","post","type-post","status-publish","format-standard","has-post-thumbnail","hentry","category-archiv","category-spenden","tag-erich-agnes-zuehr-stiftung","tag-euro","tag-foerderung"],"acf":[],"_links":{"self":[{"href":"https:\/\/familienhoerbuch.de\/en\/wp-json\/wp\/v2\/posts\/13142","targetHints":{"allow":["GET"]}}],"collection":[{"href":"https:\/\/familienhoerbuch.de\/en\/wp-json\/wp\/v2\/posts"}],"about":[{"href":"https:\/\/familienhoerbuch.de\/en\/wp-json\/wp\/v2\/types\/post"}],"author":[{"embeddable":true,"href":"https:\/\/familienhoerbuch.de\/en\/wp-json\/wp\/v2\/users\/3"}],"replies":[{"embeddable":true,"href":"https:\/\/familienhoerbuch.de\/en\/wp-json\/wp\/v2\/comments?post=13142"}],"version-history":[{"count":1,"href":"https:\/\/familienhoerbuch.de\/en\/wp-json\/wp\/v2\/posts\/13142\/revisions"}],"predecessor-version":[{"id":14946,"href":"https:\/\/familienhoerbuch.de\/en\/wp-json\/wp\/v2\/posts\/13142\/revisions\/14946"}],"wp:featuredmedia":[{"embeddable":true,"href":"https:\/\/familienhoerbuch.de\/en\/wp-json\/wp\/v2\/media\/13143"}],"wp:attachment":[{"href":"https:\/\/familienhoerbuch.de\/en\/wp-json\/wp\/v2\/media?parent=13142"}],"wp:term":[{"taxonomy":"category","embeddable":true,"href":"https:\/\/familienhoerbuch.de\/en\/wp-json\/wp\/v2\/categories?post=13142"},{"taxonomy":"post_tag","embeddable":true,"href":"https:\/\/familienhoerbuch.de\/en\/wp-json\/wp\/v2\/tags?post=13142"}],"curies":[{"name":"wp","href":"https:\/\/api.w.org\/{rel}","templated":true}]}}