{"id":13074,"date":"2025-11-11T09:25:21","date_gmt":"2025-11-11T08:25:21","guid":{"rendered":"https:\/\/familienhoerbuch.de\/?p=13074"},"modified":"2025-12-10T15:23:46","modified_gmt":"2025-12-10T14:23:46","slug":"entdeckt","status":"publish","type":"post","link":"https:\/\/familienhoerbuch.de\/en\/entdeckt\/","title":{"rendered":"Entdeckt!"},"content":{"rendered":"<p>Im Rahmen einer Initiative der Stadt Viersen entstand \u201emiteinander-f\u00fcreinander\u201c. Von 2005-2008 fanden \u00fcber sechzig Gruppen f\u00fcr Senioren von 55 bis 99 Jahren zusammen. Tr\u00e4ger ist der Caritasverband f\u00fcr die Region Kempen-Viersen e.V.<br>Ziel: Das Leben nach Beruf und Kinder-Erziehung soll aktiv gestaltet werden, im Vordergrund stehen dabei Selbstbestimmung, Freiwilligkeit und Eigenverantwortlichkeit. Der Leitsatz: \u201eIch mit anderen f\u00fcr andere\u201c kann somit wahr werden.<\/p>\n\n\n\n<p>Im <a href=\"https:\/\/www.viersen-miteinander.de\/wp-content\/uploads\/2025\/11\/Heft_November_2025.pdf\">aktuellen Magazin<\/a> der Initiative wird das Familienh\u00f6rbuch vorgestellt (Seite 31).<\/p>\n\n\n\n<p><\/p>","protected":false},"excerpt":{"rendered":"<p>Im Rahmen einer Initiative der Stadt Viersen entstand \u201emiteinander-f\u00fcreinander\u201c. Von 2005-2008 fanden \u00fcber sechzig Gruppen f\u00fcr Senioren von 55 bis 99 Jahren zusammen. Tr\u00e4ger ist der Caritasverband f\u00fcr die Region Kempen-Viersen e.V.Ziel: Das Leben nach Beruf und Kinder-Erziehung soll aktiv gestaltet werden, im Vordergrund stehen dabei Selbstbestimmung, Freiwilligkeit und Eigenverantwortlichkeit. Der Leitsatz: \u201eIch mit anderen [&hellip;]<\/p>","protected":false},"author":3,"featured_media":13075,"comment_status":"closed","ping_status":"","sticky":false,"template":"","format":"standard","meta":{"_acf_changed":false,"footnotes":""},"categories":[13,113],"tags":[483,482,139,343,284],"class_list":["post-13074","post","type-post","status-publish","format-standard","has-post-thumbnail","hentry","category-archiv","category-print-digital","tag-caritas","tag-grosseltern","tag-magazin","tag-print","tag-senioren"],"acf":[],"_links":{"self":[{"href":"https:\/\/familienhoerbuch.de\/en\/wp-json\/wp\/v2\/posts\/13074","targetHints":{"allow":["GET"]}}],"collection":[{"href":"https:\/\/familienhoerbuch.de\/en\/wp-json\/wp\/v2\/posts"}],"about":[{"href":"https:\/\/familienhoerbuch.de\/en\/wp-json\/wp\/v2\/types\/post"}],"author":[{"embeddable":true,"href":"https:\/\/familienhoerbuch.de\/en\/wp-json\/wp\/v2\/users\/3"}],"replies":[{"embeddable":true,"href":"https:\/\/familienhoerbuch.de\/en\/wp-json\/wp\/v2\/comments?post=13074"}],"version-history":[{"count":0,"href":"https:\/\/familienhoerbuch.de\/en\/wp-json\/wp\/v2\/posts\/13074\/revisions"}],"wp:featuredmedia":[{"embeddable":true,"href":"https:\/\/familienhoerbuch.de\/en\/wp-json\/wp\/v2\/media\/13075"}],"wp:attachment":[{"href":"https:\/\/familienhoerbuch.de\/en\/wp-json\/wp\/v2\/media?parent=13074"}],"wp:term":[{"taxonomy":"category","embeddable":true,"href":"https:\/\/familienhoerbuch.de\/en\/wp-json\/wp\/v2\/categories?post=13074"},{"taxonomy":"post_tag","embeddable":true,"href":"https:\/\/familienhoerbuch.de\/en\/wp-json\/wp\/v2\/tags?post=13074"}],"curies":[{"name":"wp","href":"https:\/\/api.w.org\/{rel}","templated":true}]}}