{"id":13070,"date":"2025-11-10T12:02:52","date_gmt":"2025-11-10T11:02:52","guid":{"rendered":"https:\/\/familienhoerbuch.de\/?p=13070"},"modified":"2025-12-04T08:06:52","modified_gmt":"2025-12-04T07:06:52","slug":"saechsischer-hebammenverband","status":"publish","type":"post","link":"https:\/\/familienhoerbuch.de\/en\/saechsischer-hebammenverband\/","title":{"rendered":"S\u00e4chsischer Hebammenverband"},"content":{"rendered":"<p>Hebammen begleiten neues Leben und sind durch ihre Arbeit nicht nur mit Geburt, sondern auch mit Themen wie Sterben und Tod verbunden. Sie wissen um die intensiven Momente menschlichen Lebens in allen Facetten. Von Beginn an haben uns immer wieder Personen aus dieser Berufsgruppe unterst\u00fctzt. Das st\u00e4rkt uns sehr. K\u00fcrzlich erreichte uns eine Spende in H\u00f6he von 250 Euro vom S\u00e4chsischen Hebammenverband.<\/p>\n\n\n\n<p><strong>Wie kam es zu dieser Unterst\u00fctzung?<\/strong><\/p>\n\n\n\n<p>Der Verband trifft sich zweimal j\u00e4hrlich zur Landesdelegiertentagung, um berufspolitische Themen anzugehen. Bereits ab Fr\u00fchjahr k\u00f6nnen Delegierte Vorschl\u00e4ge unterbreiten, an wen ein Spendebetrag am Ende des Jahres gehen k\u00f6nnte. Hebamme Christiane Mildner hatte in diesem Zuge auf das Familienh\u00f6rbuch-Projekt aufmerksam gemacht. Sie wurde durch eine Kollegin aufmerksam, die selbst schwer erkrankt ist und ein Familienh\u00f6rbuch eingesprochen hat. Zun\u00e4chst hatte sie deshalb privat gespendet, wollte aber unbedingt das Angebot weiter verbeiten und nutzte hierzu auch die Hebammen-Tagung, damit noch viel mehr Menschen von dieser Form der Abschieds- und Trauerhilfe erfahren. Eine wunderbare Art, die Familienh\u00f6rbuch gGmbH in ihrem Tun zu unterst\u00fctzen. Wir sagen DANKE.<\/p>\n\n\n\n<p><\/p>\n\n\n\n<p><\/p>","protected":false},"excerpt":{"rendered":"<p>Hebammen begleiten neues Leben und sind durch ihre Arbeit nicht nur mit Geburt, sondern auch mit Themen wie Sterben und Tod verbunden. Sie wissen um die intensiven Momente menschlichen Lebens in allen Facetten. Von Beginn an haben uns immer wieder Personen aus dieser Berufsgruppe unterst\u00fctzt. Das st\u00e4rkt uns sehr. K\u00fcrzlich erreichte uns eine Spende in [&hellip;]<\/p>","protected":false},"author":3,"featured_media":13072,"comment_status":"closed","ping_status":"","sticky":false,"template":"","format":"standard","meta":{"_acf_changed":false,"footnotes":""},"categories":[13,115],"tags":[477,478,480,479,67],"class_list":["post-13070","post","type-post","status-publish","format-standard","has-post-thumbnail","hentry","category-archiv","category-spenden","tag-hebamme","tag-hebammenverband","tag-mildner","tag-saechsisch","tag-spende"],"acf":[],"_links":{"self":[{"href":"https:\/\/familienhoerbuch.de\/en\/wp-json\/wp\/v2\/posts\/13070","targetHints":{"allow":["GET"]}}],"collection":[{"href":"https:\/\/familienhoerbuch.de\/en\/wp-json\/wp\/v2\/posts"}],"about":[{"href":"https:\/\/familienhoerbuch.de\/en\/wp-json\/wp\/v2\/types\/post"}],"author":[{"embeddable":true,"href":"https:\/\/familienhoerbuch.de\/en\/wp-json\/wp\/v2\/users\/3"}],"replies":[{"embeddable":true,"href":"https:\/\/familienhoerbuch.de\/en\/wp-json\/wp\/v2\/comments?post=13070"}],"version-history":[{"count":0,"href":"https:\/\/familienhoerbuch.de\/en\/wp-json\/wp\/v2\/posts\/13070\/revisions"}],"wp:featuredmedia":[{"embeddable":true,"href":"https:\/\/familienhoerbuch.de\/en\/wp-json\/wp\/v2\/media\/13072"}],"wp:attachment":[{"href":"https:\/\/familienhoerbuch.de\/en\/wp-json\/wp\/v2\/media?parent=13070"}],"wp:term":[{"taxonomy":"category","embeddable":true,"href":"https:\/\/familienhoerbuch.de\/en\/wp-json\/wp\/v2\/categories?post=13070"},{"taxonomy":"post_tag","embeddable":true,"href":"https:\/\/familienhoerbuch.de\/en\/wp-json\/wp\/v2\/tags?post=13070"}],"curies":[{"name":"wp","href":"https:\/\/api.w.org\/{rel}","templated":true}]}}