{"id":12833,"date":"2025-10-29T08:52:34","date_gmt":"2025-10-29T07:52:34","guid":{"rendered":"https:\/\/familienhoerbuch.de\/?p=12833"},"modified":"2025-11-18T17:51:13","modified_gmt":"2025-11-18T16:51:13","slug":"der-ndr-berichtet","status":"publish","type":"post","link":"https:\/\/familienhoerbuch.de\/en\/der-ndr-berichtet\/","title":{"rendered":"Der NDR berichtet"},"content":{"rendered":"<p>Eine Projektteilnehmerin wurde k\u00fcrzlich vom NDR ein St\u00fcck des Weges begleitet. Audiobiograf Wolfgang Heidelk unterstreicht im Beitrag, welche Kernpunkte bei Familienh\u00f6rbuchaufnahmen im Fokus stehen. Die Berichterstattung erfolgte im Rahmen der Sendung <a href=\"https:\/\/www.ndr.de\/fernsehen\/sendungen\/nordmagazin\/familienhoerbuch-haelt-lebensgeschichten-fuer-immer-fest,nordmagazin-3982.html\">NORDMAGAZIN<\/a>.<\/p>\n\n\n\n<p><\/p>","protected":false},"excerpt":{"rendered":"<p>Eine Projektteilnehmerin wurde k\u00fcrzlich vom NDR ein St\u00fcck des Weges begleitet. Audiobiograf Wolfgang Heidelk unterstreicht im Beitrag, welche Kernpunkte bei Familienh\u00f6rbuchaufnahmen im Fokus stehen. Die Berichterstattung erfolgte im Rahmen der Sendung NORDMAGAZIN.<\/p>","protected":false},"author":3,"featured_media":12834,"comment_status":"closed","ping_status":"","sticky":false,"template":"","format":"standard","meta":{"_acf_changed":false,"footnotes":""},"categories":[13,112],"tags":[28,52,469,378,344],"class_list":["post-12833","post","type-post","status-publish","format-standard","has-post-thumbnail","hentry","category-archiv","category-tv-archiv","tag-familienhoerbuch","tag-medienbericht","tag-mv","tag-ndr","tag-tv"],"acf":[],"_links":{"self":[{"href":"https:\/\/familienhoerbuch.de\/en\/wp-json\/wp\/v2\/posts\/12833","targetHints":{"allow":["GET"]}}],"collection":[{"href":"https:\/\/familienhoerbuch.de\/en\/wp-json\/wp\/v2\/posts"}],"about":[{"href":"https:\/\/familienhoerbuch.de\/en\/wp-json\/wp\/v2\/types\/post"}],"author":[{"embeddable":true,"href":"https:\/\/familienhoerbuch.de\/en\/wp-json\/wp\/v2\/users\/3"}],"replies":[{"embeddable":true,"href":"https:\/\/familienhoerbuch.de\/en\/wp-json\/wp\/v2\/comments?post=12833"}],"version-history":[{"count":0,"href":"https:\/\/familienhoerbuch.de\/en\/wp-json\/wp\/v2\/posts\/12833\/revisions"}],"wp:featuredmedia":[{"embeddable":true,"href":"https:\/\/familienhoerbuch.de\/en\/wp-json\/wp\/v2\/media\/12834"}],"wp:attachment":[{"href":"https:\/\/familienhoerbuch.de\/en\/wp-json\/wp\/v2\/media?parent=12833"}],"wp:term":[{"taxonomy":"category","embeddable":true,"href":"https:\/\/familienhoerbuch.de\/en\/wp-json\/wp\/v2\/categories?post=12833"},{"taxonomy":"post_tag","embeddable":true,"href":"https:\/\/familienhoerbuch.de\/en\/wp-json\/wp\/v2\/tags?post=12833"}],"curies":[{"name":"wp","href":"https:\/\/api.w.org\/{rel}","templated":true}]}}