{"id":12265,"date":"2025-09-23T13:14:37","date_gmt":"2025-09-23T11:14:37","guid":{"rendered":"https:\/\/familienhoerbuch.de\/?p=12265"},"modified":"2025-11-10T12:07:22","modified_gmt":"2025-11-10T11:07:22","slug":"trauerarbeit-ist-wichtig","status":"publish","type":"post","link":"https:\/\/familienhoerbuch.de\/en\/trauerarbeit-ist-wichtig\/","title":{"rendered":"Trauerarbeit ist wichtig"},"content":{"rendered":"<p>Cornelia und Andreas Stahl verloren ihren Sohn Sebastian aufgrund der Germanwings-Katastrophe im M\u00e4rz 2015. Zu seinem Gedenken gr\u00fcndeten sie eine Stiftung, um Menschen und Projekte in Bereichen zu unterst\u00fctzen, die ihrem Sohn wichtig waren. Ein Schwerpunkt liegt auf Sport und Bildung. Was das Ehepaar Stahl zudem selbst sehr gut einsch\u00e4tzen kann, ist die Bedeutung von Trauerhilfen. Deshalb darf sich die Familienh\u00f6rbuch gGmbH in diesem Jahr \u00fcber 2.500 Euro F\u00f6rderung freuen, damit noch mehr Kinder mit schwerkranken Elternteilen Entlastung auf ihrem Lebensweg erfahren.<\/p>\n\n\n\n<p><a href=\"https:\/\/www.sebastian-stahl-stiftung.de\/\">Mehr erfahren<\/a><\/p>\n\n\n\n<p><\/p>","protected":false},"excerpt":{"rendered":"<p>Cornelia und Andreas Stahl verloren ihren Sohn Sebastian aufgrund der Germanwings-Katastrophe im M\u00e4rz 2015. Zu seinem Gedenken gr\u00fcndeten sie eine Stiftung, um Menschen und Projekte in Bereichen zu unterst\u00fctzen, die ihrem Sohn wichtig waren. Ein Schwerpunkt liegt auf Sport und Bildung. Was das Ehepaar Stahl zudem selbst sehr gut einsch\u00e4tzen kann, ist die Bedeutung von [&hellip;]<\/p>","protected":false},"author":3,"featured_media":12266,"comment_status":"closed","ping_status":"","sticky":false,"template":"","format":"standard","meta":{"_acf_changed":false,"footnotes":""},"categories":[13,115],"tags":[452,260,77,453],"class_list":["post-12265","post","type-post","status-publish","format-standard","has-post-thumbnail","hentry","category-archiv","category-spenden","tag-sebastian-stahl","tag-stiftung","tag-trauer","tag-westerwald"],"acf":[],"_links":{"self":[{"href":"https:\/\/familienhoerbuch.de\/en\/wp-json\/wp\/v2\/posts\/12265","targetHints":{"allow":["GET"]}}],"collection":[{"href":"https:\/\/familienhoerbuch.de\/en\/wp-json\/wp\/v2\/posts"}],"about":[{"href":"https:\/\/familienhoerbuch.de\/en\/wp-json\/wp\/v2\/types\/post"}],"author":[{"embeddable":true,"href":"https:\/\/familienhoerbuch.de\/en\/wp-json\/wp\/v2\/users\/3"}],"replies":[{"embeddable":true,"href":"https:\/\/familienhoerbuch.de\/en\/wp-json\/wp\/v2\/comments?post=12265"}],"version-history":[{"count":0,"href":"https:\/\/familienhoerbuch.de\/en\/wp-json\/wp\/v2\/posts\/12265\/revisions"}],"wp:featuredmedia":[{"embeddable":true,"href":"https:\/\/familienhoerbuch.de\/en\/wp-json\/wp\/v2\/media\/12266"}],"wp:attachment":[{"href":"https:\/\/familienhoerbuch.de\/en\/wp-json\/wp\/v2\/media?parent=12265"}],"wp:term":[{"taxonomy":"category","embeddable":true,"href":"https:\/\/familienhoerbuch.de\/en\/wp-json\/wp\/v2\/categories?post=12265"},{"taxonomy":"post_tag","embeddable":true,"href":"https:\/\/familienhoerbuch.de\/en\/wp-json\/wp\/v2\/tags?post=12265"}],"curies":[{"name":"wp","href":"https:\/\/api.w.org\/{rel}","templated":true}]}}