{"id":12236,"date":"2025-09-23T09:35:51","date_gmt":"2025-09-23T07:35:51","guid":{"rendered":"https:\/\/familienhoerbuch.de\/?p=12236"},"modified":"2025-11-10T12:07:56","modified_gmt":"2025-11-10T11:07:56","slug":"lokalzeit-aachen","status":"publish","type":"post","link":"https:\/\/familienhoerbuch.de\/en\/lokalzeit-aachen\/","title":{"rendered":"Lokalzeit Aachen"},"content":{"rendered":"<p>Ein Projektteilnehmer der Familienh\u00f6rbuch gGmbH ging den Schritt in die \u00d6ffentlichkeit und lud den WDR zu seinen Aufnahmetagen im Tonstudio ein. Es entstand ein Bericht \u00fcber seine Beweggr\u00fcnde und die Aufgaben der Audiobiografin und vom Sounddesign. Genau so entstehen besondere Erinnerungsgeschenke.<\/p>\n\n\n\n<p><a href=\"https:\/\/www1.wdr.de\/lokalzeit\/fernsehen\/aachen\/lokalzeit-aus-aachen-clip-lokalzeit-aus-aachen--22-09-2025-100.html\">Zum Bericht (ab Minute 18 startet das Familienh\u00f6rbuch-Kapitel)<\/a><\/p>","protected":false},"excerpt":{"rendered":"<p>Ein Projektteilnehmer der Familienh\u00f6rbuch gGmbH ging den Schritt in die \u00d6ffentlichkeit und lud den WDR zu seinen Aufnahmetagen im Tonstudio ein. Es entstand ein Bericht \u00fcber seine Beweggr\u00fcnde und die Aufgaben der Audiobiografin und vom Sounddesign. Genau so entstehen besondere Erinnerungsgeschenke. Zum Bericht (ab Minute 18 startet das Familienh\u00f6rbuch-Kapitel)<\/p>","protected":false},"author":3,"featured_media":12237,"comment_status":"closed","ping_status":"","sticky":false,"template":"","format":"standard","meta":{"_acf_changed":false,"footnotes":""},"categories":[13,112],"tags":[450,449,344,98],"class_list":["post-12236","post","type-post","status-publish","format-standard","has-post-thumbnail","hentry","category-archiv","category-tv-archiv","tag-aachen","tag-lokalzeit","tag-tv","tag-wdr"],"acf":[],"_links":{"self":[{"href":"https:\/\/familienhoerbuch.de\/en\/wp-json\/wp\/v2\/posts\/12236","targetHints":{"allow":["GET"]}}],"collection":[{"href":"https:\/\/familienhoerbuch.de\/en\/wp-json\/wp\/v2\/posts"}],"about":[{"href":"https:\/\/familienhoerbuch.de\/en\/wp-json\/wp\/v2\/types\/post"}],"author":[{"embeddable":true,"href":"https:\/\/familienhoerbuch.de\/en\/wp-json\/wp\/v2\/users\/3"}],"replies":[{"embeddable":true,"href":"https:\/\/familienhoerbuch.de\/en\/wp-json\/wp\/v2\/comments?post=12236"}],"version-history":[{"count":0,"href":"https:\/\/familienhoerbuch.de\/en\/wp-json\/wp\/v2\/posts\/12236\/revisions"}],"wp:featuredmedia":[{"embeddable":true,"href":"https:\/\/familienhoerbuch.de\/en\/wp-json\/wp\/v2\/media\/12237"}],"wp:attachment":[{"href":"https:\/\/familienhoerbuch.de\/en\/wp-json\/wp\/v2\/media?parent=12236"}],"wp:term":[{"taxonomy":"category","embeddable":true,"href":"https:\/\/familienhoerbuch.de\/en\/wp-json\/wp\/v2\/categories?post=12236"},{"taxonomy":"post_tag","embeddable":true,"href":"https:\/\/familienhoerbuch.de\/en\/wp-json\/wp\/v2\/tags?post=12236"}],"curies":[{"name":"wp","href":"https:\/\/api.w.org\/{rel}","templated":true}]}}