{"id":11420,"date":"2025-09-08T12:04:14","date_gmt":"2025-09-08T10:04:14","guid":{"rendered":"https:\/\/familienhoerbuch.de\/?p=11420"},"modified":"2025-10-30T13:56:45","modified_gmt":"2025-10-30T12:56:45","slug":"metzler-stiftung-schiebt-an","status":"publish","type":"post","link":"https:\/\/familienhoerbuch.de\/en\/metzler-stiftung-schiebt-an\/","title":{"rendered":"Metzler-Stiftung schiebt an"},"content":{"rendered":"<p>Manche F\u00f6rderer werden durch Projektteilnehmer:innen auf das Familienh\u00f6rbuch aufmerksam gemacht. So auch die Metzler-Stiftung. Dank der monet\u00e4ren Unterst\u00fctzung wird einer Familie, die sich zuk\u00fcnftig bewirbt, die Aufnahme einer eigenen Audiobiografie erm\u00f6glicht. Doch es geht \u00fcber das Finanzielle hinaus: Metzler macht das Familienh\u00f6rbuch mit bekannter und erleichtert die Netzwerkarbeit.<\/p>\n\n\n\n<p><a href=\"https:\/\/www.metzler-stiftung.de\/de\/stiftung\/news-metzler-stiftung\/mitteilung\/news\/250825-fhb\">lesen<\/a><\/p>","protected":false},"excerpt":{"rendered":"<p>Manche F\u00f6rderer werden durch Projektteilnehmer:innen auf das Familienh\u00f6rbuch aufmerksam gemacht. So auch die Metzler-Stiftung. Dank der monet\u00e4ren Unterst\u00fctzung wird einer Familie, die sich zuk\u00fcnftig bewirbt, die Aufnahme einer eigenen Audiobiografie erm\u00f6glicht. Doch es geht \u00fcber das Finanzielle hinaus: Metzler macht das Familienh\u00f6rbuch mit bekannter und erleichtert die Netzwerkarbeit. lesen<\/p>","protected":false},"author":3,"featured_media":11421,"comment_status":"closed","ping_status":"","sticky":false,"template":"","format":"standard","meta":{"_acf_changed":false,"footnotes":""},"categories":[13,115],"tags":[204,445,260],"class_list":["post-11420","post","type-post","status-publish","format-standard","has-post-thumbnail","hentry","category-archiv","category-spenden","tag-foerderer","tag-metzler","tag-stiftung"],"acf":[],"_links":{"self":[{"href":"https:\/\/familienhoerbuch.de\/en\/wp-json\/wp\/v2\/posts\/11420","targetHints":{"allow":["GET"]}}],"collection":[{"href":"https:\/\/familienhoerbuch.de\/en\/wp-json\/wp\/v2\/posts"}],"about":[{"href":"https:\/\/familienhoerbuch.de\/en\/wp-json\/wp\/v2\/types\/post"}],"author":[{"embeddable":true,"href":"https:\/\/familienhoerbuch.de\/en\/wp-json\/wp\/v2\/users\/3"}],"replies":[{"embeddable":true,"href":"https:\/\/familienhoerbuch.de\/en\/wp-json\/wp\/v2\/comments?post=11420"}],"version-history":[{"count":0,"href":"https:\/\/familienhoerbuch.de\/en\/wp-json\/wp\/v2\/posts\/11420\/revisions"}],"wp:featuredmedia":[{"embeddable":true,"href":"https:\/\/familienhoerbuch.de\/en\/wp-json\/wp\/v2\/media\/11421"}],"wp:attachment":[{"href":"https:\/\/familienhoerbuch.de\/en\/wp-json\/wp\/v2\/media?parent=11420"}],"wp:term":[{"taxonomy":"category","embeddable":true,"href":"https:\/\/familienhoerbuch.de\/en\/wp-json\/wp\/v2\/categories?post=11420"},{"taxonomy":"post_tag","embeddable":true,"href":"https:\/\/familienhoerbuch.de\/en\/wp-json\/wp\/v2\/tags?post=11420"}],"curies":[{"name":"wp","href":"https:\/\/api.w.org\/{rel}","templated":true}]}}