{"id":11219,"date":"2025-08-11T10:45:11","date_gmt":"2025-08-11T08:45:11","guid":{"rendered":"https:\/\/familienhoerbuch.de\/?p=11219"},"modified":"2025-09-23T10:45:04","modified_gmt":"2025-09-23T08:45:04","slug":"ruhr-gymnasium-mit-herz","status":"publish","type":"post","link":"https:\/\/familienhoerbuch.de\/en\/ruhr-gymnasium-mit-herz\/","title":{"rendered":"Ruhr-Gymnasium mit Herz"},"content":{"rendered":"<p>Heute war das Familienh\u00f6rbuch-Team nah am Wasser gebaut &#8211; vor R\u00fchrung. Wir sind beeindruckt, wie sehr sich eine Gemeinschaft f\u00fcr eine Person einsetzen kann. Und zeitgleich wird ein Charity-Projekt anschoben. Eine der Engagierten des Ruhr-Gymnasiums Witten nahm auf unsere Bitte hin dazu Stellung. Frau Rechmann schreibt:<\/p>\n\n\n\n<blockquote class=\"wp-block-quote is-layout-flow wp-block-quote-is-layout-flow\">\n<blockquote class=\"wp-block-quote is-layout-flow wp-block-quote-is-layout-flow\">\n<p>Ich m\u00f6chte eine Geschichte erz\u00e4hlen. Es ist eine Geschichte \u00fcber eine gemeinschaftliche Aktion f\u00fcr eine starke, wundervolle Frau, die leider schwer erkrankt ist.&nbsp;<\/p>\n\n\n\n<p>Eines Tages las ich in der Zeitung vom Familienh\u00f6rbuch und der M\u00f6glichkeit, im Falle einer palliativen Diagnose, Erinnerungen f\u00fcr die Kinder zu hinterlassen. Ich wollte meiner Kollegin, die selbst betroffenen ist, davon erz\u00e4hlen, doch noch bevor ich das konnte, rief sie selbst online zu einer Spendenaktion f\u00fcr genau dieses Projekt auf. Viele aus unserem Lehrer-Kollegium haben das ebenfalls gesehen und waren gleich bereit, die Aktion zu unterst\u00fctzen. Wir wollten aktiv daran mitarbeiten, dass die Wartezeiten nicht so lange sind und Bewerber m\u00f6glichst zeitnah ins Projekt aufgenommen werden k\u00f6nnen. Also nahmen wir Kontakt zum Familienh\u00f6rbuch auf, verfassten ein Schreiben an das Gesamtkollegium unserer Schule, um f\u00fcr das Thema zu sensibilisieren und starteten parallel mehrere Charity-Aktionen. Da wir mit zwei weiteren Gymnasien in Witten kooperieren, haben wir auch diese mit ins Boot geholt, Spendenboxen beim Familienh\u00f6rbuch angefordert, die gleich im Sekretariat aufgestellt wurden und auch beim Sommerkonzert der Fachschaft Musik wurde Werbung f\u00fcr das Familienh\u00f6rbuch gemacht und Spenden gesammelt.<\/p>\n\n\n\n<figure class=\"wp-block-image size-large\"><img fetchpriority=\"high\" decoding=\"async\" width=\"1024\" height=\"771\" src=\"https:\/\/familienhoerbuch.de\/wp-content\/uploads\/2025\/08\/Schule_sammelt_Spendenaktion-1024x771.jpeg\" alt=\"\" class=\"wp-image-11222\" srcset=\"https:\/\/familienhoerbuch.de\/wp-content\/uploads\/2025\/08\/Schule_sammelt_Spendenaktion-1024x771.jpeg 1024w, https:\/\/familienhoerbuch.de\/wp-content\/uploads\/2025\/08\/Schule_sammelt_Spendenaktion-300x226.jpeg 300w, https:\/\/familienhoerbuch.de\/wp-content\/uploads\/2025\/08\/Schule_sammelt_Spendenaktion-768x578.jpeg 768w, https:\/\/familienhoerbuch.de\/wp-content\/uploads\/2025\/08\/Schule_sammelt_Spendenaktion-1536x1157.jpeg 1536w, https:\/\/familienhoerbuch.de\/wp-content\/uploads\/2025\/08\/Schule_sammelt_Spendenaktion.jpeg 2040w\" sizes=\"(max-width: 1024px) 100vw, 1024px\" \/><\/figure>\n\n\n\n<p>Einige Sch\u00fclerinnen und Sch\u00fcler der Jahrgangstufe 11, die von der Erkrankung erfahren haben, informierten uns dar\u00fcber, dass sie gerne Waffeln und Kuchen verkaufen m\u00f6chten, um Spenden zu sammeln. Das war ihnen ein wichtiges Anliegen. Gesagt, getan: Die Kuchen waren am ersten Tag so schnell verkauft, dass in der Folgewoche gleich die n\u00e4chste Aktion starten sollte \u2013 alle waren aufgerufen, Kuchen zu backen. Das brachte allein \u00fcber 700 Euro ein.&nbsp;<\/p>\n\n\n\n<p>Seit einigen Jahren gibt es an unserer Schule einen Fairtrade-Shop. J\u00e4hrlich werden geringe \u00dcbersch\u00fcsse erwirtschaftet, die in der Regel direkt in das Projekt zur\u00fcckflie\u00dfen. Dieses Mal hat sich die Fairtrade-AG jedoch entschieden, den gesamten \u00dcberschuss dem Familienh\u00f6rbuch zu spenden \u2013 und wieder f\u00fcllte sich das Konto.<\/p>\n\n\n\n<figure class=\"wp-block-image size-large\"><img decoding=\"async\" width=\"1024\" height=\"771\" src=\"https:\/\/familienhoerbuch.de\/wp-content\/uploads\/2025\/08\/Schulespendet-1024x771.webp\" alt=\"\" class=\"wp-image-11224\" srcset=\"https:\/\/familienhoerbuch.de\/wp-content\/uploads\/2025\/08\/Schulespendet-1024x771.webp 1024w, https:\/\/familienhoerbuch.de\/wp-content\/uploads\/2025\/08\/Schulespendet-300x226.webp 300w, https:\/\/familienhoerbuch.de\/wp-content\/uploads\/2025\/08\/Schulespendet-768x578.webp 768w, https:\/\/familienhoerbuch.de\/wp-content\/uploads\/2025\/08\/Schulespendet-1536x1157.webp 1536w, https:\/\/familienhoerbuch.de\/wp-content\/uploads\/2025\/08\/Schulespendet.webp 1920w\" sizes=\"(max-width: 1024px) 100vw, 1024px\" \/><\/figure>\n\n\n\n<p>Was soll ich sagen: Das Ende der Geschichte ist bekannt. Es gab unglaublich viele Spender, jeder Euro war wichtig. Es haben Leute mitgemacht, deren Namen ich gar nicht zuordnen konnte. Einige haben uns einfach Bargeld in die Hand gedr\u00fcckt und liebe Ex-Lehrkr\u00e4fte, die bereits im Ruhestand sind, haben sich gemeldet und ebenfalls die gute Sache unterst\u00fctzt. Einige spendeten mehrfach. Eine Kollegin hat sogar aus dem Krankenhaus heraus, mit ihrem neugeborenen Kind im Arm, eine Spende \u00fcberwiesen. Es war sehr emotional und \u00fcberw\u00e4ltigend!<\/p>\n<\/blockquote>\n<\/blockquote>\n\n\n\n<p>Das Familienh\u00f6rbuch sagt DANKE f\u00fcr dieses unglaubliche&nbsp;Engagement!<\/p>","protected":false},"excerpt":{"rendered":"<p>Heute war das Familienh\u00f6rbuch-Team nah am Wasser gebaut &#8211; vor R\u00fchrung. Wir sind beeindruckt, wie sehr sich eine Gemeinschaft f\u00fcr eine Person einsetzen kann. Und zeitgleich wird ein Charity-Projekt anschoben. Eine der Engagierten des Ruhr-Gymnasiums Witten nahm auf unsere Bitte hin dazu Stellung. Frau Rechmann schreibt: Das Familienh\u00f6rbuch sagt DANKE f\u00fcr dieses unglaubliche&nbsp;Engagement!<\/p>","protected":false},"author":3,"featured_media":11220,"comment_status":"closed","ping_status":"","sticky":false,"template":"","format":"standard","meta":{"_acf_changed":false,"footnotes":""},"categories":[13,115],"tags":[85,433,434,432,435,63],"class_list":["post-11219","post","type-post","status-publish","format-standard","has-post-thumbnail","hentry","category-archiv","category-spenden","tag-charity","tag-gymansium","tag-kollegium","tag-ruhr","tag-schueler","tag-spenden"],"acf":[],"_links":{"self":[{"href":"https:\/\/familienhoerbuch.de\/en\/wp-json\/wp\/v2\/posts\/11219","targetHints":{"allow":["GET"]}}],"collection":[{"href":"https:\/\/familienhoerbuch.de\/en\/wp-json\/wp\/v2\/posts"}],"about":[{"href":"https:\/\/familienhoerbuch.de\/en\/wp-json\/wp\/v2\/types\/post"}],"author":[{"embeddable":true,"href":"https:\/\/familienhoerbuch.de\/en\/wp-json\/wp\/v2\/users\/3"}],"replies":[{"embeddable":true,"href":"https:\/\/familienhoerbuch.de\/en\/wp-json\/wp\/v2\/comments?post=11219"}],"version-history":[{"count":0,"href":"https:\/\/familienhoerbuch.de\/en\/wp-json\/wp\/v2\/posts\/11219\/revisions"}],"wp:featuredmedia":[{"embeddable":true,"href":"https:\/\/familienhoerbuch.de\/en\/wp-json\/wp\/v2\/media\/11220"}],"wp:attachment":[{"href":"https:\/\/familienhoerbuch.de\/en\/wp-json\/wp\/v2\/media?parent=11219"}],"wp:term":[{"taxonomy":"category","embeddable":true,"href":"https:\/\/familienhoerbuch.de\/en\/wp-json\/wp\/v2\/categories?post=11219"},{"taxonomy":"post_tag","embeddable":true,"href":"https:\/\/familienhoerbuch.de\/en\/wp-json\/wp\/v2\/tags?post=11219"}],"curies":[{"name":"wp","href":"https:\/\/api.w.org\/{rel}","templated":true}]}}