{"id":11167,"date":"2025-07-30T09:30:30","date_gmt":"2025-07-30T07:30:30","guid":{"rendered":"https:\/\/familienhoerbuch.de\/?p=11167"},"modified":"2025-09-16T10:50:20","modified_gmt":"2025-09-16T08:50:20","slug":"in-erinnerung-bleiben","status":"publish","type":"post","link":"https:\/\/familienhoerbuch.de\/en\/in-erinnerung-bleiben\/","title":{"rendered":"In Erinnerung bleiben"},"content":{"rendered":"<p>Derzeit gibt es in der Landeszeitung f\u00fcr die L\u00fcneburger Heide einen Artikel \u00fcber das Familienh\u00f6rbuch und die Hintergrundgeschichte einer Projektteilnehmerin. Partner-Redaktionen wie das Solinger Tageblatt\u00a0griffen dies ebenfalls auf und skizzieren so nachvollziehbar die Beweggr\u00fcnde der Eltern, die sich bei der Familienh\u00f6rbuch gGmbH melden.<\/p>\n\n\n\n<p><a href=\"https:\/\/www.landeszeitung.de\/familie\/regional\/brustkrebs-diagnose-wie-johanna-nowak-ihren-toechtern-in-erinnerung-bleiben-moechte-GRF7KR6FMZBGTMUEYI3IERMFZA.html\">Zum Artikel<\/a><\/p>\n\n\n\n<p><\/p>","protected":false},"excerpt":{"rendered":"<p>Derzeit gibt es in der Landeszeitung f\u00fcr die L\u00fcneburger Heide einen Artikel \u00fcber das Familienh\u00f6rbuch und die Hintergrundgeschichte einer Projektteilnehmerin. Partner-Redaktionen wie das Solinger Tageblatt\u00a0griffen dies ebenfalls auf und skizzieren so nachvollziehbar die Beweggr\u00fcnde der Eltern, die sich bei der Familienh\u00f6rbuch gGmbH melden. Zum Artikel<\/p>","protected":false},"author":3,"featured_media":11170,"comment_status":"closed","ping_status":"","sticky":false,"template":"","format":"standard","meta":{"_acf_changed":false,"footnotes":""},"categories":[13,113],"tags":[80,426,48,427],"class_list":["post-11167","post","type-post","status-publish","format-standard","has-post-thumbnail","hentry","category-archiv","category-print-digital","tag-erinnerungen","tag-lueneburg","tag-projektteilnehmerin","tag-solingen"],"acf":[],"_links":{"self":[{"href":"https:\/\/familienhoerbuch.de\/en\/wp-json\/wp\/v2\/posts\/11167","targetHints":{"allow":["GET"]}}],"collection":[{"href":"https:\/\/familienhoerbuch.de\/en\/wp-json\/wp\/v2\/posts"}],"about":[{"href":"https:\/\/familienhoerbuch.de\/en\/wp-json\/wp\/v2\/types\/post"}],"author":[{"embeddable":true,"href":"https:\/\/familienhoerbuch.de\/en\/wp-json\/wp\/v2\/users\/3"}],"replies":[{"embeddable":true,"href":"https:\/\/familienhoerbuch.de\/en\/wp-json\/wp\/v2\/comments?post=11167"}],"version-history":[{"count":0,"href":"https:\/\/familienhoerbuch.de\/en\/wp-json\/wp\/v2\/posts\/11167\/revisions"}],"wp:featuredmedia":[{"embeddable":true,"href":"https:\/\/familienhoerbuch.de\/en\/wp-json\/wp\/v2\/media\/11170"}],"wp:attachment":[{"href":"https:\/\/familienhoerbuch.de\/en\/wp-json\/wp\/v2\/media?parent=11167"}],"wp:term":[{"taxonomy":"category","embeddable":true,"href":"https:\/\/familienhoerbuch.de\/en\/wp-json\/wp\/v2\/categories?post=11167"},{"taxonomy":"post_tag","embeddable":true,"href":"https:\/\/familienhoerbuch.de\/en\/wp-json\/wp\/v2\/tags?post=11167"}],"curies":[{"name":"wp","href":"https:\/\/api.w.org\/{rel}","templated":true}]}}