{"id":10931,"date":"2025-07-08T20:51:16","date_gmt":"2025-07-08T18:51:16","guid":{"rendered":"https:\/\/familienhoerbuch.de\/?p=10931"},"modified":"2025-09-22T13:44:55","modified_gmt":"2025-09-22T11:44:55","slug":"gewonnen","status":"publish","type":"post","link":"https:\/\/familienhoerbuch.de\/en\/gewonnen\/","title":{"rendered":"Gewonnen!"},"content":{"rendered":"<p>Der Macherinnen Award, verliehen durch ein Frauen-Netzwerk, ehrt Frauen und deren herausragenden Leistungen und Erfolge. Am 8. Juli durfte Familienh\u00f6rbuch-Gr\u00fcnderin Judith Gr\u00fcmmer diesen Preis in der Kategorie \u201eSocial Impact\u201c im Senft\u00f6pfchen Theater in K\u00f6ln entgegen nehmen.<\/p>\n\n\n\n<p>Die Preistr\u00e4gerinnen des ersten Macherinnen Awards wurden von einer Jury ausgew\u00e4hlt, die sich aus F\u00fchrungs- und Meinungsbildnerinnen der regionalen Wirtschaft, Politik und Stadtgesellschaft zusammensetzt. Dar\u00fcber hinaus war das Macherinnen-Netzwerk und das B\u00fcndnis Frauen in F\u00fchrung in der Jury vertreten. Die Leser:innen des K\u00f6lner Stadt-Anzeigers und der K\u00f6lnischen Rundschau sowie die H\u00f6rer:innen von Radio K\u00f6ln waren ebenfalls aufgerufen, in einem Online-Voting f\u00fcr ihre Favoriten in den jeweiligen Kategorien abzustimmen und so aktiv an der Auswahl der Preistr\u00e4gerinnen mitzuwirken.<\/p>\n\n\n\n<p><a href=\"https:\/\/macherinnen-cgn.de\/macherinnen-award\/\">Mehr erfahren<\/a><\/p>","protected":false},"excerpt":{"rendered":"<p>Der Macherinnen Award, verliehen durch ein Frauen-Netzwerk, ehrt Frauen und deren herausragenden Leistungen und Erfolge. Am 8. Juli durfte Familienh\u00f6rbuch-Gr\u00fcnderin Judith Gr\u00fcmmer diesen Preis in der Kategorie \u201eSocial Impact\u201c im Senft\u00f6pfchen Theater in K\u00f6ln entgegen nehmen. Die Preistr\u00e4gerinnen des ersten Macherinnen Awards wurden von einer Jury ausgew\u00e4hlt, die sich aus F\u00fchrungs- und Meinungsbildnerinnen der regionalen [&hellip;]<\/p>","protected":false},"author":3,"featured_media":10932,"comment_status":"closed","ping_status":"","sticky":false,"template":"","format":"standard","meta":{"_acf_changed":false,"footnotes":""},"categories":[13,207],"tags":[332,424,16,17,330,423,41],"class_list":["post-10931","post","type-post","status-publish","format-standard","has-post-thumbnail","hentry","category-archiv","category-nominierungen-auszeichnungen","tag-award","tag-frauen","tag-judith-gruemmer","tag-koeln","tag-macherinnen","tag-netzwerk","tag-preisverleihung"],"acf":[],"_links":{"self":[{"href":"https:\/\/familienhoerbuch.de\/en\/wp-json\/wp\/v2\/posts\/10931","targetHints":{"allow":["GET"]}}],"collection":[{"href":"https:\/\/familienhoerbuch.de\/en\/wp-json\/wp\/v2\/posts"}],"about":[{"href":"https:\/\/familienhoerbuch.de\/en\/wp-json\/wp\/v2\/types\/post"}],"author":[{"embeddable":true,"href":"https:\/\/familienhoerbuch.de\/en\/wp-json\/wp\/v2\/users\/3"}],"replies":[{"embeddable":true,"href":"https:\/\/familienhoerbuch.de\/en\/wp-json\/wp\/v2\/comments?post=10931"}],"version-history":[{"count":0,"href":"https:\/\/familienhoerbuch.de\/en\/wp-json\/wp\/v2\/posts\/10931\/revisions"}],"wp:featuredmedia":[{"embeddable":true,"href":"https:\/\/familienhoerbuch.de\/en\/wp-json\/wp\/v2\/media\/10932"}],"wp:attachment":[{"href":"https:\/\/familienhoerbuch.de\/en\/wp-json\/wp\/v2\/media?parent=10931"}],"wp:term":[{"taxonomy":"category","embeddable":true,"href":"https:\/\/familienhoerbuch.de\/en\/wp-json\/wp\/v2\/categories?post=10931"},{"taxonomy":"post_tag","embeddable":true,"href":"https:\/\/familienhoerbuch.de\/en\/wp-json\/wp\/v2\/tags?post=10931"}],"curies":[{"name":"wp","href":"https:\/\/api.w.org\/{rel}","templated":true}]}}