{"id":10928,"date":"2025-07-08T20:40:22","date_gmt":"2025-07-08T18:40:22","guid":{"rendered":"https:\/\/familienhoerbuch.de\/?p=10928"},"modified":"2025-09-08T11:34:31","modified_gmt":"2025-09-08T09:34:31","slug":"judith-im-radio","status":"publish","type":"post","link":"https:\/\/familienhoerbuch.de\/en\/judith-im-radio\/","title":{"rendered":"Judith im Radio"},"content":{"rendered":"<p>Unsere Gr\u00fcnderin und gesch\u00e4ftsf\u00fchrende Gesellschafterin war am 7. Juli in K\u00f6ln beim Domradio zu Gast. Im Vorfeld zum Macherinnen-Award konnte sie das Familienh\u00f6rbuch an dieser Stelle genauer vorstellen und die Gef\u00fchlslage als Finalistin beschreiben.<\/p>\n\n\n\n<p><a href=\"https:\/\/www.domradio.de\/audio\/ein-interview-mit-judith-gruemmer-wissenschaftsjournalistin\">Zum Beitrag<\/a><\/p>","protected":false},"excerpt":{"rendered":"<p>Unsere Gr\u00fcnderin und gesch\u00e4ftsf\u00fchrende Gesellschafterin war am 7. Juli in K\u00f6ln beim Domradio zu Gast. Im Vorfeld zum Macherinnen-Award konnte sie das Familienh\u00f6rbuch an dieser Stelle genauer vorstellen und die Gef\u00fchlslage als Finalistin beschreiben. Zum Beitrag<\/p>","protected":false},"author":3,"featured_media":10930,"comment_status":"closed","ping_status":"","sticky":false,"template":"","format":"standard","meta":{"_acf_changed":false,"footnotes":""},"categories":[13,110],"tags":[332,425,121,17,330,122],"class_list":["post-10928","post","type-post","status-publish","format-standard","has-post-thumbnail","hentry","category-archiv","category-radio","tag-award","tag-domradio","tag-hoerfunk","tag-koeln","tag-macherinnen","tag-radio"],"acf":[],"_links":{"self":[{"href":"https:\/\/familienhoerbuch.de\/en\/wp-json\/wp\/v2\/posts\/10928","targetHints":{"allow":["GET"]}}],"collection":[{"href":"https:\/\/familienhoerbuch.de\/en\/wp-json\/wp\/v2\/posts"}],"about":[{"href":"https:\/\/familienhoerbuch.de\/en\/wp-json\/wp\/v2\/types\/post"}],"author":[{"embeddable":true,"href":"https:\/\/familienhoerbuch.de\/en\/wp-json\/wp\/v2\/users\/3"}],"replies":[{"embeddable":true,"href":"https:\/\/familienhoerbuch.de\/en\/wp-json\/wp\/v2\/comments?post=10928"}],"version-history":[{"count":0,"href":"https:\/\/familienhoerbuch.de\/en\/wp-json\/wp\/v2\/posts\/10928\/revisions"}],"wp:featuredmedia":[{"embeddable":true,"href":"https:\/\/familienhoerbuch.de\/en\/wp-json\/wp\/v2\/media\/10930"}],"wp:attachment":[{"href":"https:\/\/familienhoerbuch.de\/en\/wp-json\/wp\/v2\/media?parent=10928"}],"wp:term":[{"taxonomy":"category","embeddable":true,"href":"https:\/\/familienhoerbuch.de\/en\/wp-json\/wp\/v2\/categories?post=10928"},{"taxonomy":"post_tag","embeddable":true,"href":"https:\/\/familienhoerbuch.de\/en\/wp-json\/wp\/v2\/tags?post=10928"}],"curies":[{"name":"wp","href":"https:\/\/api.w.org\/{rel}","templated":true}]}}