{"id":10845,"date":"2025-06-30T09:46:17","date_gmt":"2025-06-30T07:46:17","guid":{"rendered":"https:\/\/familienhoerbuch.de\/?p=10845"},"modified":"2025-09-08T11:35:07","modified_gmt":"2025-09-08T09:35:07","slug":"yoga-spendenaktion","status":"publish","type":"post","link":"https:\/\/familienhoerbuch.de\/en\/yoga-spendenaktion\/","title":{"rendered":"Yoga-Spendenaktion"},"content":{"rendered":"<p>Jana Merten-M\u00f6rtl (Zweifachmama, Yogalehrerin) sammelt im Rahmen von \u201eWeilheim macht Yoga&#8220; bereits zum zweiten Mal Spenden f\u00fcr das Familienh\u00f6rbuch-Projekt. Ihr Beweggrund: \u201eEin sehr lieber Freund von mir hat letztes Jahr ein Familienh\u00f6rbuch f\u00fcr seine Tochter aufgenommen. Mich ber\u00fchrt eure Arbeit sehr und ich freue mich, wenn ich euch mit meiner kleinen Spende unterst\u00fctzen kann und so auch auf eure tolle Arbeit aufmerksam mache.&#8220;<\/p>\n\n\n\n<p><\/p>","protected":false},"excerpt":{"rendered":"<p>Jana Merten-M\u00f6rtl (Zweifachmama, Yogalehrerin) sammelt im Rahmen von \u201eWeilheim macht Yoga&#8220; bereits zum zweiten Mal Spenden f\u00fcr das Familienh\u00f6rbuch-Projekt. Ihr Beweggrund: \u201eEin sehr lieber Freund von mir hat letztes Jahr ein Familienh\u00f6rbuch f\u00fcr seine Tochter aufgenommen. Mich ber\u00fchrt eure Arbeit sehr und ich freue mich, wenn ich euch mit meiner kleinen Spende unterst\u00fctzen kann und [&hellip;]<\/p>","protected":false},"author":3,"featured_media":10846,"comment_status":"closed","ping_status":"","sticky":false,"template":"","format":"standard","meta":{"_acf_changed":false,"footnotes":""},"categories":[13,115],"tags":[419,87,418,417,420],"class_list":["post-10845","post","type-post","status-publish","format-standard","has-post-thumbnail","hentry","category-archiv","category-spenden","tag-puremom","tag-spendenaktion","tag-weilheim","tag-yoga","tag-yogalehrerin"],"acf":[],"_links":{"self":[{"href":"https:\/\/familienhoerbuch.de\/en\/wp-json\/wp\/v2\/posts\/10845","targetHints":{"allow":["GET"]}}],"collection":[{"href":"https:\/\/familienhoerbuch.de\/en\/wp-json\/wp\/v2\/posts"}],"about":[{"href":"https:\/\/familienhoerbuch.de\/en\/wp-json\/wp\/v2\/types\/post"}],"author":[{"embeddable":true,"href":"https:\/\/familienhoerbuch.de\/en\/wp-json\/wp\/v2\/users\/3"}],"replies":[{"embeddable":true,"href":"https:\/\/familienhoerbuch.de\/en\/wp-json\/wp\/v2\/comments?post=10845"}],"version-history":[{"count":0,"href":"https:\/\/familienhoerbuch.de\/en\/wp-json\/wp\/v2\/posts\/10845\/revisions"}],"wp:featuredmedia":[{"embeddable":true,"href":"https:\/\/familienhoerbuch.de\/en\/wp-json\/wp\/v2\/media\/10846"}],"wp:attachment":[{"href":"https:\/\/familienhoerbuch.de\/en\/wp-json\/wp\/v2\/media?parent=10845"}],"wp:term":[{"taxonomy":"category","embeddable":true,"href":"https:\/\/familienhoerbuch.de\/en\/wp-json\/wp\/v2\/categories?post=10845"},{"taxonomy":"post_tag","embeddable":true,"href":"https:\/\/familienhoerbuch.de\/en\/wp-json\/wp\/v2\/tags?post=10845"}],"curies":[{"name":"wp","href":"https:\/\/api.w.org\/{rel}","templated":true}]}}