{"id":10817,"date":"2025-06-25T14:51:26","date_gmt":"2025-06-25T12:51:26","guid":{"rendered":"https:\/\/familienhoerbuch.de\/?p=10817"},"modified":"2026-04-21T11:26:23","modified_gmt":"2026-04-21T09:26:23","slug":"neue-zuwendung","status":"publish","type":"post","link":"https:\/\/familienhoerbuch.de\/en\/neue-zuwendung\/","title":{"rendered":"Neue Zuwendung"},"content":{"rendered":"<p>Die Erich-und-Agnes-Z\u00fchr-Stiftung hat die Familienh\u00f6rbuch gGmbH k\u00fcrzlich mit einer gro\u00dfz\u00fcgigen F\u00f6rderung in H\u00f6he von 7.500 Euro bedacht. Diese Unterst\u00fctzung ist eine gro\u00dfartige Nachricht f\u00fcr alle M\u00fctter und V\u00e4ter, die sich bereits f\u00fcr das Projekt beworben haben und nun auf eine offizielle Zusage warten.<\/p>\n\n\n\n<p>Zeit ist f\u00fcr Palliativpatient:innen ein entscheidender Faktor. Deshalb sind F\u00f6rderungen von Stiftungen, aber auch Firmenspenden und monet\u00e4rer Beistand von Privatpersonen von unsch\u00e4tzbarem Wert. Sie erm\u00f6glichen es, die Arbeit in Sachen Audiobiografie noch effektiver und schneller voranzutreiben \u2013 f\u00fcr die Familien, die unsere Unterst\u00fctzung am dringendsten ben\u00f6tigen.<\/p>\n\n\n\n<p><\/p>","protected":false},"excerpt":{"rendered":"<p>Die Erich-und-Agnes-Z\u00fchr-Stiftung hat die Familienh\u00f6rbuch gGmbH k\u00fcrzlich mit einer gro\u00dfz\u00fcgigen F\u00f6rderung in H\u00f6he von 7.500 Euro bedacht. Diese Unterst\u00fctzung ist eine gro\u00dfartige Nachricht f\u00fcr alle M\u00fctter und V\u00e4ter, die sich bereits f\u00fcr das Projekt beworben haben und nun auf eine offizielle Zusage warten. Zeit ist f\u00fcr Palliativpatient:innen ein entscheidender Faktor. Deshalb sind F\u00f6rderungen von Stiftungen, [&hellip;]<\/p>","protected":false},"author":3,"featured_media":10818,"comment_status":"closed","ping_status":"closed","sticky":false,"template":"","format":"standard","meta":{"_acf_changed":false,"footnotes":""},"categories":[13,115],"tags":[415,174,416,67,260],"class_list":["post-10817","post","type-post","status-publish","format-standard","has-post-thumbnail","hentry","category-archiv","category-spenden","tag-erich-und-agnes-zuehr-stiftung","tag-foerderung","tag-hessen","tag-spende","tag-stiftung"],"acf":[],"_links":{"self":[{"href":"https:\/\/familienhoerbuch.de\/en\/wp-json\/wp\/v2\/posts\/10817","targetHints":{"allow":["GET"]}}],"collection":[{"href":"https:\/\/familienhoerbuch.de\/en\/wp-json\/wp\/v2\/posts"}],"about":[{"href":"https:\/\/familienhoerbuch.de\/en\/wp-json\/wp\/v2\/types\/post"}],"author":[{"embeddable":true,"href":"https:\/\/familienhoerbuch.de\/en\/wp-json\/wp\/v2\/users\/3"}],"replies":[{"embeddable":true,"href":"https:\/\/familienhoerbuch.de\/en\/wp-json\/wp\/v2\/comments?post=10817"}],"version-history":[{"count":1,"href":"https:\/\/familienhoerbuch.de\/en\/wp-json\/wp\/v2\/posts\/10817\/revisions"}],"predecessor-version":[{"id":14945,"href":"https:\/\/familienhoerbuch.de\/en\/wp-json\/wp\/v2\/posts\/10817\/revisions\/14945"}],"wp:featuredmedia":[{"embeddable":true,"href":"https:\/\/familienhoerbuch.de\/en\/wp-json\/wp\/v2\/media\/10818"}],"wp:attachment":[{"href":"https:\/\/familienhoerbuch.de\/en\/wp-json\/wp\/v2\/media?parent=10817"}],"wp:term":[{"taxonomy":"category","embeddable":true,"href":"https:\/\/familienhoerbuch.de\/en\/wp-json\/wp\/v2\/categories?post=10817"},{"taxonomy":"post_tag","embeddable":true,"href":"https:\/\/familienhoerbuch.de\/en\/wp-json\/wp\/v2\/tags?post=10817"}],"curies":[{"name":"wp","href":"https:\/\/api.w.org\/{rel}","templated":true}]}}