{"id":10762,"date":"2025-06-18T08:59:40","date_gmt":"2025-06-18T06:59:40","guid":{"rendered":"https:\/\/familienhoerbuch.de\/?p=10762"},"modified":"2025-09-08T11:35:43","modified_gmt":"2025-09-08T09:35:43","slug":"bei-healthcare-marketing","status":"publish","type":"post","link":"https:\/\/familienhoerbuch.de\/en\/bei-healthcare-marketing\/","title":{"rendered":"Healthcare Marketing berichtet"},"content":{"rendered":"<p>Die Familienh\u00f6rbuch gGmbH wurde im Zuge der PRophy-Award-Verleihung auch in einem Fachmagazin f\u00fcr Gesundheitsmarken vorgestellt. Im \u201eHealthcare Marketing Magazin\u201c gibt es Branchenwissen rund um Entwicklungen im Gesundheitsmarkt. Chefredakteurin Anna J\u00e4ger ging direkt am Abend der Awardvergabe (<a href=\"https:\/\/familienhoerbuch.de\/en\/prophy-award-gewonnen\/\">wir berichteten<\/a>) mit dem Familienh\u00f6rbuch ins Gespr\u00e4ch und best\u00e4rkte das Gesamtteam in seinem Wirken.<\/p>\n\n\n\n<p><\/p>\n\n\n\n<p><\/p>","protected":false},"excerpt":{"rendered":"<p>Die Familienh\u00f6rbuch gGmbH wurde im Zuge der PRophy-Award-Verleihung auch in einem Fachmagazin f\u00fcr Gesundheitsmarken vorgestellt. Im \u201eHealthcare Marketing Magazin\u201c gibt es Branchenwissen rund um Entwicklungen im Gesundheitsmarkt. Chefredakteurin Anna J\u00e4ger ging direkt am Abend der Awardvergabe (wir berichteten) mit dem Familienh\u00f6rbuch ins Gespr\u00e4ch und best\u00e4rkte das Gesamtteam in seinem Wirken.<\/p>","protected":false},"author":3,"featured_media":10763,"comment_status":"closed","ping_status":"","sticky":false,"template":"","format":"standard","meta":{"_acf_changed":false,"footnotes":""},"categories":[13,113],"tags":[413,332,410,411,412,414],"class_list":["post-10762","post","type-post","status-publish","format-standard","has-post-thumbnail","hentry","category-archiv","category-print-digital","tag-anna-jaeger","tag-award","tag-berichterstattung","tag-fachmagazin","tag-gesundheitsmarkt","tag-prophy"],"acf":[],"_links":{"self":[{"href":"https:\/\/familienhoerbuch.de\/en\/wp-json\/wp\/v2\/posts\/10762","targetHints":{"allow":["GET"]}}],"collection":[{"href":"https:\/\/familienhoerbuch.de\/en\/wp-json\/wp\/v2\/posts"}],"about":[{"href":"https:\/\/familienhoerbuch.de\/en\/wp-json\/wp\/v2\/types\/post"}],"author":[{"embeddable":true,"href":"https:\/\/familienhoerbuch.de\/en\/wp-json\/wp\/v2\/users\/3"}],"replies":[{"embeddable":true,"href":"https:\/\/familienhoerbuch.de\/en\/wp-json\/wp\/v2\/comments?post=10762"}],"version-history":[{"count":0,"href":"https:\/\/familienhoerbuch.de\/en\/wp-json\/wp\/v2\/posts\/10762\/revisions"}],"wp:featuredmedia":[{"embeddable":true,"href":"https:\/\/familienhoerbuch.de\/en\/wp-json\/wp\/v2\/media\/10763"}],"wp:attachment":[{"href":"https:\/\/familienhoerbuch.de\/en\/wp-json\/wp\/v2\/media?parent=10762"}],"wp:term":[{"taxonomy":"category","embeddable":true,"href":"https:\/\/familienhoerbuch.de\/en\/wp-json\/wp\/v2\/categories?post=10762"},{"taxonomy":"post_tag","embeddable":true,"href":"https:\/\/familienhoerbuch.de\/en\/wp-json\/wp\/v2\/tags?post=10762"}],"curies":[{"name":"wp","href":"https:\/\/api.w.org\/{rel}","templated":true}]}}