{"id":10698,"date":"2025-06-12T09:19:37","date_gmt":"2025-06-12T07:19:37","guid":{"rendered":"https:\/\/familienhoerbuch.de\/?p=10698"},"modified":"2025-09-08T11:35:59","modified_gmt":"2025-09-08T09:35:59","slug":"feith-stiftung-foerdert","status":"publish","type":"post","link":"https:\/\/familienhoerbuch.de\/en\/feith-stiftung-foerdert\/","title":{"rendered":"Feith-Stiftung f\u00f6rdert"},"content":{"rendered":"<p>Bereits 2000 durch Dr. med. Elisabeth Feith in Frankfurt am Main ins Leben gerufen, setzt sich die Feith-Stiftung f\u00fcr notleidende Menschen, Kunst und die Unterst\u00fctzung von Forschung (Schwerpunkt Medizin) ein. Die Hilfen werden zumeist streng projekt- und regionalgebunden erteilt.<\/p>\n\n\n\n<p>Die aktuelle F\u00f6rderung f\u00fcr die Familienh\u00f6rbuch gGmbH erm\u00f6glicht, dass zwei neue Familienh\u00f6rb\u00fccher realisiert werden k\u00f6nnen, eines im Saarland und eines im Gro\u00dfraum Frankfurt. Somit d\u00fcrfen weitere Kinder mit einem besonderen Erinnerungsgeschenk aufwachsen. <\/p>\n\n\n\n<p><\/p>","protected":false},"excerpt":{"rendered":"<p>Bereits 2000 durch Dr. med. Elisabeth Feith in Frankfurt am Main ins Leben gerufen, setzt sich die Feith-Stiftung f\u00fcr notleidende Menschen, Kunst und die Unterst\u00fctzung von Forschung (Schwerpunkt Medizin) ein. Die Hilfen werden zumeist streng projekt- und regionalgebunden erteilt. Die aktuelle F\u00f6rderung f\u00fcr die Familienh\u00f6rbuch gGmbH erm\u00f6glicht, dass zwei neue Familienh\u00f6rb\u00fccher realisiert werden k\u00f6nnen, eines [&hellip;]<\/p>","protected":false},"author":3,"featured_media":10699,"comment_status":"closed","ping_status":"","sticky":false,"template":"","format":"standard","meta":{"_acf_changed":false,"footnotes":""},"categories":[13,115],"tags":[408,409,174,30,407,260],"class_list":["post-10698","post","type-post","status-publish","format-standard","has-post-thumbnail","hentry","category-archiv","category-spenden","tag-feith","tag-feith-stiftung","tag-foerderung","tag-frankfurt","tag-saarland","tag-stiftung"],"acf":[],"_links":{"self":[{"href":"https:\/\/familienhoerbuch.de\/en\/wp-json\/wp\/v2\/posts\/10698","targetHints":{"allow":["GET"]}}],"collection":[{"href":"https:\/\/familienhoerbuch.de\/en\/wp-json\/wp\/v2\/posts"}],"about":[{"href":"https:\/\/familienhoerbuch.de\/en\/wp-json\/wp\/v2\/types\/post"}],"author":[{"embeddable":true,"href":"https:\/\/familienhoerbuch.de\/en\/wp-json\/wp\/v2\/users\/3"}],"replies":[{"embeddable":true,"href":"https:\/\/familienhoerbuch.de\/en\/wp-json\/wp\/v2\/comments?post=10698"}],"version-history":[{"count":0,"href":"https:\/\/familienhoerbuch.de\/en\/wp-json\/wp\/v2\/posts\/10698\/revisions"}],"wp:featuredmedia":[{"embeddable":true,"href":"https:\/\/familienhoerbuch.de\/en\/wp-json\/wp\/v2\/media\/10699"}],"wp:attachment":[{"href":"https:\/\/familienhoerbuch.de\/en\/wp-json\/wp\/v2\/media?parent=10698"}],"wp:term":[{"taxonomy":"category","embeddable":true,"href":"https:\/\/familienhoerbuch.de\/en\/wp-json\/wp\/v2\/categories?post=10698"},{"taxonomy":"post_tag","embeddable":true,"href":"https:\/\/familienhoerbuch.de\/en\/wp-json\/wp\/v2\/tags?post=10698"}],"curies":[{"name":"wp","href":"https:\/\/api.w.org\/{rel}","templated":true}]}}