{"id":10493,"date":"2025-06-02T15:46:44","date_gmt":"2025-06-02T13:46:44","guid":{"rendered":"https:\/\/familienhoerbuch.de\/?p=10493"},"modified":"2025-09-08T11:36:19","modified_gmt":"2025-09-08T09:36:19","slug":"beim-koelner-treff","status":"publish","type":"post","link":"https:\/\/familienhoerbuch.de\/en\/beim-koelner-treff\/","title":{"rendered":"Beim K\u00f6lner Treff"},"content":{"rendered":"<p>Die Familienh\u00f6rbuch-Gr\u00fcnderin und Gesch\u00e4ftsf\u00fchrerin Judith Gr\u00fcmmer war in der vergangenen Woche zu Gast beim WDR. Im Rahmen der Talkrunde K\u00f6lner Treff (Encanto Film- und Fernsehproduktions GmbH) ging sie mit Hobbykoch \u201eKitchenAchim\u201c, Comedian Chris Tall, dem \u201eLet\u2019s-Dance\u201c-Gewinner San Diego Pooth, Schauspieler Christian Berkel und Schauspielerin Gesine Cukrowski ins Gespr\u00e4ch. Susan Link und Micky Beisenherz moderierten den Austausch dieser ungew\u00f6hnlichen, keineswegs homogenen Gruppe und sorgten daf\u00fcr, dass wichtige gesellschaftliche Themen Raum und Sichtbarkeit erhielten.<\/p>\n\n\n\n<p><a href=\"https:\/\/www.ardmediathek.de\/video\/koelner-treff\/talk-mit-hobbykoch-kitchenachim-und-comedian-chris-tall\/wdr\/Y3JpZDovL3dkci5kZS9CZWl0cmFnLXNvcGhvcmEtYmVhNjFmODAtNmRjNS00NzkyLWI2N2MtZjUwMjM3YzA0ZDJm\">Anschauen in der ARD-Mediathek<\/a><br><\/p>","protected":false},"excerpt":{"rendered":"<p>Die Familienh\u00f6rbuch-Gr\u00fcnderin und Gesch\u00e4ftsf\u00fchrerin Judith Gr\u00fcmmer war in der vergangenen Woche zu Gast beim WDR. Im Rahmen der Talkrunde K\u00f6lner Treff (Encanto Film- und Fernsehproduktions GmbH) ging sie mit Hobbykoch \u201eKitchenAchim\u201c, Comedian Chris Tall, dem \u201eLet\u2019s-Dance\u201c-Gewinner San Diego Pooth, Schauspieler Christian Berkel und Schauspielerin Gesine Cukrowski ins Gespr\u00e4ch. Susan Link und Micky Beisenherz moderierten den [&hellip;]<\/p>","protected":false},"author":3,"featured_media":10494,"comment_status":"closed","ping_status":"","sticky":false,"template":"","format":"standard","meta":{"_acf_changed":false,"footnotes":""},"categories":[13,112],"tags":[126,404,403,27,344,98],"class_list":["post-10493","post","type-post","status-publish","format-standard","has-post-thumbnail","hentry","category-archiv","category-tv-archiv","tag-ard","tag-chris-tall","tag-koelner-treff","tag-talkshow","tag-tv","tag-wdr"],"acf":[],"_links":{"self":[{"href":"https:\/\/familienhoerbuch.de\/en\/wp-json\/wp\/v2\/posts\/10493","targetHints":{"allow":["GET"]}}],"collection":[{"href":"https:\/\/familienhoerbuch.de\/en\/wp-json\/wp\/v2\/posts"}],"about":[{"href":"https:\/\/familienhoerbuch.de\/en\/wp-json\/wp\/v2\/types\/post"}],"author":[{"embeddable":true,"href":"https:\/\/familienhoerbuch.de\/en\/wp-json\/wp\/v2\/users\/3"}],"replies":[{"embeddable":true,"href":"https:\/\/familienhoerbuch.de\/en\/wp-json\/wp\/v2\/comments?post=10493"}],"version-history":[{"count":0,"href":"https:\/\/familienhoerbuch.de\/en\/wp-json\/wp\/v2\/posts\/10493\/revisions"}],"wp:featuredmedia":[{"embeddable":true,"href":"https:\/\/familienhoerbuch.de\/en\/wp-json\/wp\/v2\/media\/10494"}],"wp:attachment":[{"href":"https:\/\/familienhoerbuch.de\/en\/wp-json\/wp\/v2\/media?parent=10493"}],"wp:term":[{"taxonomy":"category","embeddable":true,"href":"https:\/\/familienhoerbuch.de\/en\/wp-json\/wp\/v2\/categories?post=10493"},{"taxonomy":"post_tag","embeddable":true,"href":"https:\/\/familienhoerbuch.de\/en\/wp-json\/wp\/v2\/tags?post=10493"}],"curies":[{"name":"wp","href":"https:\/\/api.w.org\/{rel}","templated":true}]}}