{"id":10489,"date":"2025-06-02T15:39:21","date_gmt":"2025-06-02T13:39:21","guid":{"rendered":"https:\/\/familienhoerbuch.de\/?p=10489"},"modified":"2025-07-07T21:50:24","modified_gmt":"2025-07-07T19:50:24","slug":"podcast-zum-sonnenuntergang","status":"publish","type":"post","link":"https:\/\/familienhoerbuch.de\/en\/podcast-zum-sonnenuntergang\/","title":{"rendered":"Judith Gr\u00fcmmer im Gespr\u00e4ch"},"content":{"rendered":"<p>Bestattungen Sch\u00fctt (Hamburg) setzt sich f\u00fcr folgendes Motto ein: \u201eDas Leben ist endlich &#8211; die Erinnerung unendlich&#8220;. Da das Familienh\u00f6rbuch perfekt hierzu passt, durfte Gr\u00fcnderin Judith Gr\u00fcmmer zu Gast in der neuesten Podcastfolge sein.<\/p>\n\n\n\n<p><a href=\"https:\/\/www.podcast.de\/episode\/688053906\/lzs-14-im-gespraech-mit-judith-gruemmer\">Zur Folge<\/a><\/p>","protected":false},"excerpt":{"rendered":"<p>Bestattungen Sch\u00fctt (Hamburg) setzt sich f\u00fcr folgendes Motto ein: \u201eDas Leben ist endlich &#8211; die Erinnerung unendlich&#8220;. Da das Familienh\u00f6rbuch perfekt hierzu passt, durfte Gr\u00fcnderin Judith Gr\u00fcmmer zu Gast in der neuesten Podcastfolge sein. Zur Folge<\/p>","protected":false},"author":3,"featured_media":10490,"comment_status":"closed","ping_status":"","sticky":false,"template":"","format":"standard","meta":{"_acf_changed":false,"footnotes":""},"categories":[13,114],"tags":[400,328,34,401],"class_list":["post-10489","post","type-post","status-publish","format-standard","has-post-thumbnail","hentry","category-archiv","category-podcast","tag-bestattungen","tag-hamburg","tag-podcast","tag-schuett"],"acf":[],"_links":{"self":[{"href":"https:\/\/familienhoerbuch.de\/en\/wp-json\/wp\/v2\/posts\/10489","targetHints":{"allow":["GET"]}}],"collection":[{"href":"https:\/\/familienhoerbuch.de\/en\/wp-json\/wp\/v2\/posts"}],"about":[{"href":"https:\/\/familienhoerbuch.de\/en\/wp-json\/wp\/v2\/types\/post"}],"author":[{"embeddable":true,"href":"https:\/\/familienhoerbuch.de\/en\/wp-json\/wp\/v2\/users\/3"}],"replies":[{"embeddable":true,"href":"https:\/\/familienhoerbuch.de\/en\/wp-json\/wp\/v2\/comments?post=10489"}],"version-history":[{"count":0,"href":"https:\/\/familienhoerbuch.de\/en\/wp-json\/wp\/v2\/posts\/10489\/revisions"}],"wp:featuredmedia":[{"embeddable":true,"href":"https:\/\/familienhoerbuch.de\/en\/wp-json\/wp\/v2\/media\/10490"}],"wp:attachment":[{"href":"https:\/\/familienhoerbuch.de\/en\/wp-json\/wp\/v2\/media?parent=10489"}],"wp:term":[{"taxonomy":"category","embeddable":true,"href":"https:\/\/familienhoerbuch.de\/en\/wp-json\/wp\/v2\/categories?post=10489"},{"taxonomy":"post_tag","embeddable":true,"href":"https:\/\/familienhoerbuch.de\/en\/wp-json\/wp\/v2\/tags?post=10489"}],"curies":[{"name":"wp","href":"https:\/\/api.w.org\/{rel}","templated":true}]}}