{"id":10471,"date":"2025-05-27T16:31:12","date_gmt":"2025-05-27T14:31:12","guid":{"rendered":"https:\/\/familienhoerbuch.de\/?p=10471"},"modified":"2025-06-30T09:49:53","modified_gmt":"2025-06-30T07:49:53","slug":"podcast-sterben-fuer-anfaenger","status":"publish","type":"post","link":"https:\/\/familienhoerbuch.de\/en\/podcast-sterben-fuer-anfaenger\/","title":{"rendered":"Podcast: Sterben f\u00fcr Anf\u00e4nger"},"content":{"rendered":"<p>Das Familienh\u00f6rbuch war k\u00fcrzlich zu Gast bei Anika und Johanna vom Palliativteam Nordhessen. Unter dem Namen \u201eSterben f\u00fcr Anf\u00e4nger\u201c l\u00e4uft dort seit Ende 2024 ein sehr erfolgreiches Podcastformat. Der Palliativ-Podcast, der Themen rund um das Lebensende, Sterben und den Tod verst\u00e4ndlich und einf\u00fchlsam bespricht, richtet sich an alle, die sich damit intensiv auseinandersetzen m\u00f6chten. Betroffene, Angeh\u00f6rige, medizinisches Fachpersonal und auch andere Interessierte sind herzlich als Zuh\u00f6rer willkommen.<\/p>\n\n\n\n<p><a href=\"https:\/\/www.podcast.de\/episode\/687985353\/034-interview-mit-carmen-dreyer-vom-familienhoerbuch\">Zur Folge <\/a><\/p>","protected":false},"excerpt":{"rendered":"<p>Das Familienh\u00f6rbuch war k\u00fcrzlich zu Gast bei Anika und Johanna vom Palliativteam Nordhessen. Unter dem Namen \u201eSterben f\u00fcr Anf\u00e4nger\u201c l\u00e4uft dort seit Ende 2024 ein sehr erfolgreiches Podcastformat. Der Palliativ-Podcast, der Themen rund um das Lebensende, Sterben und den Tod verst\u00e4ndlich und einf\u00fchlsam bespricht, richtet sich an alle, die sich damit intensiv auseinandersetzen m\u00f6chten. Betroffene, [&hellip;]<\/p>","protected":false},"author":3,"featured_media":10472,"comment_status":"closed","ping_status":"","sticky":false,"template":"","format":"standard","meta":{"_acf_changed":false,"footnotes":""},"categories":[13,114],"tags":[398,397,222,34,90],"class_list":["post-10471","post","type-post","status-publish","format-standard","has-post-thumbnail","hentry","category-archiv","category-podcast","tag-nordhessen","tag-onkologie","tag-palliativ","tag-podcast","tag-tod"],"acf":[],"_links":{"self":[{"href":"https:\/\/familienhoerbuch.de\/en\/wp-json\/wp\/v2\/posts\/10471","targetHints":{"allow":["GET"]}}],"collection":[{"href":"https:\/\/familienhoerbuch.de\/en\/wp-json\/wp\/v2\/posts"}],"about":[{"href":"https:\/\/familienhoerbuch.de\/en\/wp-json\/wp\/v2\/types\/post"}],"author":[{"embeddable":true,"href":"https:\/\/familienhoerbuch.de\/en\/wp-json\/wp\/v2\/users\/3"}],"replies":[{"embeddable":true,"href":"https:\/\/familienhoerbuch.de\/en\/wp-json\/wp\/v2\/comments?post=10471"}],"version-history":[{"count":0,"href":"https:\/\/familienhoerbuch.de\/en\/wp-json\/wp\/v2\/posts\/10471\/revisions"}],"wp:featuredmedia":[{"embeddable":true,"href":"https:\/\/familienhoerbuch.de\/en\/wp-json\/wp\/v2\/media\/10472"}],"wp:attachment":[{"href":"https:\/\/familienhoerbuch.de\/en\/wp-json\/wp\/v2\/media?parent=10471"}],"wp:term":[{"taxonomy":"category","embeddable":true,"href":"https:\/\/familienhoerbuch.de\/en\/wp-json\/wp\/v2\/categories?post=10471"},{"taxonomy":"post_tag","embeddable":true,"href":"https:\/\/familienhoerbuch.de\/en\/wp-json\/wp\/v2\/tags?post=10471"}],"curies":[{"name":"wp","href":"https:\/\/api.w.org\/{rel}","templated":true}]}}