{"id":10357,"date":"2025-05-15T10:54:09","date_gmt":"2025-05-15T08:54:09","guid":{"rendered":"https:\/\/familienhoerbuch.de\/?p=10357"},"modified":"2025-06-30T09:50:24","modified_gmt":"2025-06-30T07:50:24","slug":"tv-beitrag-wir-in-bayern","status":"publish","type":"post","link":"https:\/\/familienhoerbuch.de\/en\/tv-beitrag-wir-in-bayern\/","title":{"rendered":"TV-Beitrag: Wir in Bayern"},"content":{"rendered":"<p>Der Bayerische Rundfunk zeigt t\u00e4glich um 16.15 Uhr im Rahmen eines Heimatsmagazin, welche Menschen, Initiativen und Angebote das Land bunt und erlebenswert machen. Am 14. Mai durfte die M\u00fcncherin Caroline H\u00fcttl zu Gast sein. Sie arbeitet seit mehreren Jahren als Audiobiografin beim Familienh\u00f6rbuch und stellte das Projekt tiefergehend vor (Gespr\u00e4chsbeginn ab Minute 16).<\/p>\n\n\n\n<p><a href=\"https:\/\/www.ardmediathek.de\/video\/wir-in-bayern\/sendung-vom-mittwoch-14-05-2025\/br\/Y3JpZDovL2JyLmRlL2Jyb2FkY2FzdC9GMjAyNFdPMDExMzk2QTA\">Zur Mediathek<\/a><\/p>","protected":false},"excerpt":{"rendered":"<p>Der Bayerische Rundfunk zeigt t\u00e4glich um 16.15 Uhr im Rahmen eines Heimatsmagazin, welche Menschen, Initiativen und Angebote das Land bunt und erlebenswert machen. Am 14. Mai durfte die M\u00fcncherin Caroline H\u00fcttl zu Gast sein. Sie arbeitet seit mehreren Jahren als Audiobiografin beim Familienh\u00f6rbuch und stellte das Projekt tiefergehend vor (Gespr\u00e4chsbeginn ab Minute 16). Zur Mediathek<\/p>","protected":false},"author":3,"featured_media":10358,"comment_status":"closed","ping_status":"","sticky":false,"template":"","format":"standard","meta":{"_acf_changed":false,"footnotes":""},"categories":[13,112],"tags":[127,388,387,386,139,344,389],"class_list":["post-10357","post","type-post","status-publish","format-standard","has-post-thumbnail","hentry","category-archiv","category-tv-archiv","tag-audiobiografin","tag-bayerischer-rundfunk","tag-br","tag-caroline-huettl","tag-magazin","tag-tv","tag-wir-in-bayern"],"acf":[],"_links":{"self":[{"href":"https:\/\/familienhoerbuch.de\/en\/wp-json\/wp\/v2\/posts\/10357","targetHints":{"allow":["GET"]}}],"collection":[{"href":"https:\/\/familienhoerbuch.de\/en\/wp-json\/wp\/v2\/posts"}],"about":[{"href":"https:\/\/familienhoerbuch.de\/en\/wp-json\/wp\/v2\/types\/post"}],"author":[{"embeddable":true,"href":"https:\/\/familienhoerbuch.de\/en\/wp-json\/wp\/v2\/users\/3"}],"replies":[{"embeddable":true,"href":"https:\/\/familienhoerbuch.de\/en\/wp-json\/wp\/v2\/comments?post=10357"}],"version-history":[{"count":0,"href":"https:\/\/familienhoerbuch.de\/en\/wp-json\/wp\/v2\/posts\/10357\/revisions"}],"wp:featuredmedia":[{"embeddable":true,"href":"https:\/\/familienhoerbuch.de\/en\/wp-json\/wp\/v2\/media\/10358"}],"wp:attachment":[{"href":"https:\/\/familienhoerbuch.de\/en\/wp-json\/wp\/v2\/media?parent=10357"}],"wp:term":[{"taxonomy":"category","embeddable":true,"href":"https:\/\/familienhoerbuch.de\/en\/wp-json\/wp\/v2\/categories?post=10357"},{"taxonomy":"post_tag","embeddable":true,"href":"https:\/\/familienhoerbuch.de\/en\/wp-json\/wp\/v2\/tags?post=10357"}],"curies":[{"name":"wp","href":"https:\/\/api.w.org\/{rel}","templated":true}]}}