{"id":10328,"date":"2025-05-13T15:29:50","date_gmt":"2025-05-13T13:29:50","guid":{"rendered":"https:\/\/familienhoerbuch.de\/?p=10328"},"modified":"2025-06-02T15:47:59","modified_gmt":"2025-06-02T13:47:59","slug":"felix-burda-award-2025","status":"publish","type":"post","link":"https:\/\/familienhoerbuch.de\/en\/felix-burda-award-2025\/","title":{"rendered":"Felix Burda Award 2025"},"content":{"rendered":"<p>In diesem Jahr trafen Yes!Con und Felix Burda Award in Berlin aufeinander. Beide Veranstaltungen waren im Gasometer in Sch\u00f6neberg untergebracht und vereinten eine breite Schnittmenge an Interessierten. Das Familienh\u00f6rbuch-Team war mit von der Partie und geno\u00df den Abend mit wirklich herausragenenden Preistr\u00e4gern, die sich f\u00fcr das Thema Darmkrebs stark machen. <\/p>\n\n\n\n<p><a href=\"https:\/\/www.felix-burda-stiftung.de\/presse#\/pressreleases\/felix-burda-award-500-gaeste-feiern-die-darmkrebs-praevention-3384636\">Mehr zur Veranstaltung und den Preistr\u00e4gern<\/a><\/p>","protected":false},"excerpt":{"rendered":"<p>In diesem Jahr trafen Yes!Con und Felix Burda Award in Berlin aufeinander. Beide Veranstaltungen waren im Gasometer in Sch\u00f6neberg untergebracht und vereinten eine breite Schnittmenge an Interessierten. Das Familienh\u00f6rbuch-Team war mit von der Partie und geno\u00df den Abend mit wirklich herausragenenden Preistr\u00e4gern, die sich f\u00fcr das Thema Darmkrebs stark machen. Mehr zur Veranstaltung und den [&hellip;]<\/p>","protected":false},"author":3,"featured_media":10329,"comment_status":"closed","ping_status":"","sticky":false,"template":"","format":"standard","meta":{"_acf_changed":false,"footnotes":""},"categories":[13,116],"tags":[184,383,382,385,384],"class_list":["post-10328","post","type-post","status-publish","format-standard","has-post-thumbnail","hentry","category-archiv","category-veranstaltungen","tag-berlin","tag-darmkrebs","tag-felix-burda-award","tag-praevention","tag-vorsorge"],"acf":[],"_links":{"self":[{"href":"https:\/\/familienhoerbuch.de\/en\/wp-json\/wp\/v2\/posts\/10328","targetHints":{"allow":["GET"]}}],"collection":[{"href":"https:\/\/familienhoerbuch.de\/en\/wp-json\/wp\/v2\/posts"}],"about":[{"href":"https:\/\/familienhoerbuch.de\/en\/wp-json\/wp\/v2\/types\/post"}],"author":[{"embeddable":true,"href":"https:\/\/familienhoerbuch.de\/en\/wp-json\/wp\/v2\/users\/3"}],"replies":[{"embeddable":true,"href":"https:\/\/familienhoerbuch.de\/en\/wp-json\/wp\/v2\/comments?post=10328"}],"version-history":[{"count":0,"href":"https:\/\/familienhoerbuch.de\/en\/wp-json\/wp\/v2\/posts\/10328\/revisions"}],"wp:featuredmedia":[{"embeddable":true,"href":"https:\/\/familienhoerbuch.de\/en\/wp-json\/wp\/v2\/media\/10329"}],"wp:attachment":[{"href":"https:\/\/familienhoerbuch.de\/en\/wp-json\/wp\/v2\/media?parent=10328"}],"wp:term":[{"taxonomy":"category","embeddable":true,"href":"https:\/\/familienhoerbuch.de\/en\/wp-json\/wp\/v2\/categories?post=10328"},{"taxonomy":"post_tag","embeddable":true,"href":"https:\/\/familienhoerbuch.de\/en\/wp-json\/wp\/v2\/tags?post=10328"}],"curies":[{"name":"wp","href":"https:\/\/api.w.org\/{rel}","templated":true}]}}