{"id":10312,"date":"2025-05-07T10:21:07","date_gmt":"2025-05-07T08:21:07","guid":{"rendered":"https:\/\/familienhoerbuch.de\/?p=10312"},"modified":"2025-06-02T15:48:47","modified_gmt":"2025-06-02T13:48:47","slug":"hoerenswert-bei-ndr","status":"publish","type":"post","link":"https:\/\/familienhoerbuch.de\/en\/hoerenswert-bei-ndr\/","title":{"rendered":"H\u00f6renswert im H\u00f6rfunk"},"content":{"rendered":"<p>Es ist ein Projekt f\u00fcr trauernde Kinder, so schreibt der Norddeutsche Rundfunk. Und das trifft zu, denn die M\u00fctter und V\u00e4ter, die sich an die Familienh\u00f6rbuch gGmbH wenden, sind schwerkrank und m\u00f6chten f\u00fcr ihre Kinder ewige Erinnerungen hinterlassen. Im Beitrag ist neben einer Projektteilnehmerin und der Gr\u00fcnderin Judith Gr\u00fcmmer auch eine der Psychoonkologinnen zu h\u00f6ren.<\/p>\n\n\n\n<p><a href=\"https:\/\/www.ndr.de\/nachrichten\/info\/audio1489536-podloveplayer.html\">Zum Beitrag<\/a><\/p>\n\n\n\n<p><\/p>","protected":false},"excerpt":{"rendered":"<p>Es ist ein Projekt f\u00fcr trauernde Kinder, so schreibt der Norddeutsche Rundfunk. Und das trifft zu, denn die M\u00fctter und V\u00e4ter, die sich an die Familienh\u00f6rbuch gGmbH wenden, sind schwerkrank und m\u00f6chten f\u00fcr ihre Kinder ewige Erinnerungen hinterlassen. Im Beitrag ist neben einer Projektteilnehmerin und der Gr\u00fcnderin Judith Gr\u00fcmmer auch eine der Psychoonkologinnen zu h\u00f6ren. [&hellip;]<\/p>","protected":false},"author":3,"featured_media":10313,"comment_status":"closed","ping_status":"","sticky":false,"template":"","format":"standard","meta":{"_acf_changed":false,"footnotes":""},"categories":[13,110],"tags":[121,380,16,125,378,379,77],"class_list":["post-10312","post","type-post","status-publish","format-standard","has-post-thumbnail","hentry","category-archiv","category-radio","tag-hoerfunk","tag-inge-schnitzler","tag-judith-gruemmer","tag-kinder","tag-ndr","tag-rundfunk","tag-trauer"],"acf":[],"_links":{"self":[{"href":"https:\/\/familienhoerbuch.de\/en\/wp-json\/wp\/v2\/posts\/10312","targetHints":{"allow":["GET"]}}],"collection":[{"href":"https:\/\/familienhoerbuch.de\/en\/wp-json\/wp\/v2\/posts"}],"about":[{"href":"https:\/\/familienhoerbuch.de\/en\/wp-json\/wp\/v2\/types\/post"}],"author":[{"embeddable":true,"href":"https:\/\/familienhoerbuch.de\/en\/wp-json\/wp\/v2\/users\/3"}],"replies":[{"embeddable":true,"href":"https:\/\/familienhoerbuch.de\/en\/wp-json\/wp\/v2\/comments?post=10312"}],"version-history":[{"count":0,"href":"https:\/\/familienhoerbuch.de\/en\/wp-json\/wp\/v2\/posts\/10312\/revisions"}],"wp:featuredmedia":[{"embeddable":true,"href":"https:\/\/familienhoerbuch.de\/en\/wp-json\/wp\/v2\/media\/10313"}],"wp:attachment":[{"href":"https:\/\/familienhoerbuch.de\/en\/wp-json\/wp\/v2\/media?parent=10312"}],"wp:term":[{"taxonomy":"category","embeddable":true,"href":"https:\/\/familienhoerbuch.de\/en\/wp-json\/wp\/v2\/categories?post=10312"},{"taxonomy":"post_tag","embeddable":true,"href":"https:\/\/familienhoerbuch.de\/en\/wp-json\/wp\/v2\/tags?post=10312"}],"curies":[{"name":"wp","href":"https:\/\/api.w.org\/{rel}","templated":true}]}}