{"id":10291,"date":"2025-05-05T13:19:26","date_gmt":"2025-05-05T11:19:26","guid":{"rendered":"https:\/\/familienhoerbuch.de\/?p=10291"},"modified":"2025-05-27T12:20:32","modified_gmt":"2025-05-27T10:20:32","slug":"groesste-regionalzeitung-berichtet","status":"publish","type":"post","link":"https:\/\/familienhoerbuch.de\/en\/groesste-regionalzeitung-berichtet\/","title":{"rendered":"Gr\u00f6\u00dfte Regionalzeitung berichtet"},"content":{"rendered":"<p>Die Westdeutsche Allgemeine Zeitung, die mit 16 Lokalausgaben im gesamten Ruhrgebiet erscheint, ver\u00f6ffentlichte am 2. Mai einen Artikel \u00fcber die Arbeit der Familienh\u00f6rbuch gGmbH. Interviewt wurden sowohl eine Projektteilnehmerin als auch eine unserer <a href=\"https:\/\/familienhoerbuch.de\/en\/team\/jana-magdanz\/\">Audiobiografinnen<\/a>, die seit mehreren Jahren Lebensgeschichten von schwerkranken M\u00fcttern und V\u00e4tern speichert. Der Text erschien in der Print-Ausgabe und ist zudem online f\u00fcr Abonnenten zug\u00e4nglich.<\/p>\n\n\n\n<p><\/p>","protected":false},"excerpt":{"rendered":"<p>Die Westdeutsche Allgemeine Zeitung, die mit 16 Lokalausgaben im gesamten Ruhrgebiet erscheint, ver\u00f6ffentlichte am 2. Mai einen Artikel \u00fcber die Arbeit der Familienh\u00f6rbuch gGmbH. Interviewt wurden sowohl eine Projektteilnehmerin als auch eine unserer Audiobiografinnen, die seit mehreren Jahren Lebensgeschichten von schwerkranken M\u00fcttern und V\u00e4tern speichert. Der Text erschien in der Print-Ausgabe und ist zudem online [&hellip;]<\/p>","protected":false},"author":3,"featured_media":10292,"comment_status":"closed","ping_status":"","sticky":false,"template":"","format":"standard","meta":{"_acf_changed":false,"footnotes":""},"categories":[13,113],"tags":[364,296,343,363,31],"class_list":["post-10291","post","type-post","status-publish","format-standard","has-post-thumbnail","hentry","category-archiv","category-print-digital","tag-digital","tag-funke","tag-print","tag-waz","tag-zeitung"],"acf":[],"_links":{"self":[{"href":"https:\/\/familienhoerbuch.de\/en\/wp-json\/wp\/v2\/posts\/10291","targetHints":{"allow":["GET"]}}],"collection":[{"href":"https:\/\/familienhoerbuch.de\/en\/wp-json\/wp\/v2\/posts"}],"about":[{"href":"https:\/\/familienhoerbuch.de\/en\/wp-json\/wp\/v2\/types\/post"}],"author":[{"embeddable":true,"href":"https:\/\/familienhoerbuch.de\/en\/wp-json\/wp\/v2\/users\/3"}],"replies":[{"embeddable":true,"href":"https:\/\/familienhoerbuch.de\/en\/wp-json\/wp\/v2\/comments?post=10291"}],"version-history":[{"count":0,"href":"https:\/\/familienhoerbuch.de\/en\/wp-json\/wp\/v2\/posts\/10291\/revisions"}],"wp:featuredmedia":[{"embeddable":true,"href":"https:\/\/familienhoerbuch.de\/en\/wp-json\/wp\/v2\/media\/10292"}],"wp:attachment":[{"href":"https:\/\/familienhoerbuch.de\/en\/wp-json\/wp\/v2\/media?parent=10291"}],"wp:term":[{"taxonomy":"category","embeddable":true,"href":"https:\/\/familienhoerbuch.de\/en\/wp-json\/wp\/v2\/categories?post=10291"},{"taxonomy":"post_tag","embeddable":true,"href":"https:\/\/familienhoerbuch.de\/en\/wp-json\/wp\/v2\/tags?post=10291"}],"curies":[{"name":"wp","href":"https:\/\/api.w.org\/{rel}","templated":true}]}}